{"id":152150,"date":"2019-12-03T06:00:04","date_gmt":"2019-12-03T08:00:04","guid":{"rendered":"https:\/\/diarioregionaldigital.com.br\/?p=152150"},"modified":"2019-12-02T20:23:29","modified_gmt":"2019-12-02T22:23:29","slug":"prefeitura-municipal-de-descoberto-03-12-19","status":"publish","type":"post","link":"https:\/\/diarioregionaldigital.com.br\/?p=152150","title":{"rendered":"Prefeitura Municipal de Descoberto &#8211; 03\/12\/19"},"content":{"rendered":"<p style=\"text-align: center;\"><strong>EXTRATO DE CONTRATO<\/strong><\/p>\n<p style=\"text-align: center;\">Pref. Municipal de Descoberto x Ge\u00f3ide Assessoria e Tecnologia Ambiental LTDA- ME \u2013 Objeto: Contrata\u00e7\u00e3o de empresa especializada ou profissional especializados na regulariza\u00e7\u00e3o e licenciamento ambiental nos termos da delibera\u00e7\u00e3o normativa DN COPAM n\u00ba 217\u2013 Fundamento: Dispensa n\u00ba 008\/2019\u00a0 &#8211;\u00a0 Valor Global: 10.000,00 &#8211; Vig\u00eancia: 12 meses-\u00a0 Dot or\u00e7: 02.09000.18.541.0013.244-33903900\/100- Ass: 02\/12\/2019 &#8211; Foro: S\u00e3o Jo\u00e3o Nepomuceno\/MG.<\/p>\n<p style=\"text-align: center;\"><strong>Marcos de Ara\u00fajo Lima<\/strong><\/p>\n<p style=\"text-align: center;\"><strong>Prefeito Municipal<\/strong><\/p>\n","protected":false},"excerpt":{"rendered":"<p>EXTRATO DE CONTRATO Pref. Municipal de Descoberto x Ge\u00f3ide Assessoria e Tecnologia Ambiental LTDA- ME \u2013 Objeto: Contrata\u00e7\u00e3o de empresa especializada ou profissional especializados na regulariza\u00e7\u00e3o e licenciamento ambiental nos termos da delibera\u00e7\u00e3o normativa DN COPAM n\u00ba 217\u2013 Fundamento: Dispensa n\u00ba 008\/2019\u00a0 &#8211;\u00a0 Valor Global: 10.000,00 &#8211; Vig\u00eancia: 12 meses-\u00a0 Dot or\u00e7: 02.09000.18.541.0013.244-33903900\/100- Ass: 02\/12\/2019 [&hellip;]<\/p>\n","protected":false},"author":96,"featured_media":0,"comment_status":"closed","ping_status":"closed","sticky":false,"template":"","format":"standard","meta":{"footnotes":""},"categories":[307],"tags":[],"class_list":["post-152150","post","type-post","status-publish","format-standard","hentry","category-editais"],"_links":{"self":[{"href":"https:\/\/diarioregionaldigital.com.br\/index.php?rest_route=\/wp\/v2\/posts\/152150","targetHints":{"allow":["GET"]}}],"collection":[{"href":"https:\/\/diarioregionaldigital.com.br\/index.php?rest_route=\/wp\/v2\/posts"}],"about":[{"href":"https:\/\/diarioregionaldigital.com.br\/index.php?rest_route=\/wp\/v2\/types\/post"}],"author":[{"embeddable":true,"href":"https:\/\/diarioregionaldigital.com.br\/index.php?rest_route=\/wp\/v2\/users\/96"}],"replies":[{"embeddable":true,"href":"https:\/\/diarioregionaldigital.com.br\/index.php?rest_route=%2Fwp%2Fv2%2Fcomments&post=152150"}],"version-history":[{"count":0,"href":"https:\/\/diarioregionaldigital.com.br\/index.php?rest_route=\/wp\/v2\/posts\/152150\/revisions"}],"wp:attachment":[{"href":"https:\/\/diarioregionaldigital.com.br\/index.php?rest_route=%2Fwp%2Fv2%2Fmedia&parent=152150"}],"wp:term":[{"taxonomy":"category","embeddable":true,"href":"https:\/\/diarioregionaldigital.com.br\/index.php?rest_route=%2Fwp%2Fv2%2Fcategories&post=152150"},{"taxonomy":"post_tag","embeddable":true,"href":"https:\/\/diarioregionaldigital.com.br\/index.php?rest_route=%2Fwp%2Fv2%2Ftags&post=152150"}],"curies":[{"name":"wp","href":"https:\/\/api.w.org\/{rel}","templated":true}]}}