{"id":152141,"date":"2019-12-03T06:00:12","date_gmt":"2019-12-03T08:00:12","guid":{"rendered":"https:\/\/diarioregionaldigital.com.br\/?p=152141"},"modified":"2019-12-02T20:17:06","modified_gmt":"2019-12-02T22:17:06","slug":"homenagem-5","status":"publish","type":"post","link":"https:\/\/diarioregionaldigital.com.br\/?p=152141","title":{"rendered":"Homenagem"},"content":{"rendered":"<p style=\"text-align: center;\"><strong>Novidade <\/strong><\/p>\n<p style=\"text-align: center;\">Craque na cozinha, Ana Maria Braga pode tudo. Ela recebeu F\u00e1bio Porchat recentemente no \u201cMais Voc\u00ea\u201d, e avisou que quer participar da segunda temporada dele no GNT. O apresentador se animou e ela prometeu contar alguma hist\u00f3ria divertida. Assunto ela tem de sobra.<\/p>\n<p style=\"text-align: center;\"><strong>Homenagem<\/strong><\/p>\n<p style=\"text-align: center;\">Foi na base do Ch\u00e1 com Poesia no Centro de Educa\u00e7\u00e3o do Menor a solenidade de homenagem para Carolina Maria de Jesus uma das mais famosas autoras negras do Brasil. A curadoria foi do escritor Jorge Lenzi, dentro do projeto cultural.<\/p>\n<p style=\"text-align: center;\"><strong>Ela Merece<\/strong><\/p>\n<p style=\"text-align: center;\">A professora Maria Teresa Gomes Barbosa recebeu o certificado de conclus\u00e3o do curso da Adesq e, est\u00e1 nas nuvens. Ela foi a primeira mulher a fazer parte do quadro docente da Faculdade de Engenharia. Na 6\u00aa feira, 6, ela ser\u00e1 homenageada pelo Clube de Engenharia no Olimpo Eventos.<\/p>\n<p style=\"text-align: center;\"><strong>F\u00e9rias <\/strong><\/p>\n<p style=\"text-align: center;\">O colunista indica um giro por dias de mar em Carvoeiro, no Algarve, para quem busca um para\u00edso portugu\u00eas ainda pouco conhecido. Por l\u00e1, grutas encantadoras, praias de \u00e1guas transparentes, vinhos locais, peixes frescos, casas coloridas e noites animadas.<\/p>\n<p style=\"text-align: center;\"><strong>Vem Ver\u00e3o:<\/strong> Para sintonizar e ficar punk utilize: as joias subjetivas de Ant\u00f4nio Bernardo&#8230; Encontro marcado no Restaurante Fasano (Rio)&#8230;N\u00e3o dar palpite em assunto que n\u00e3o conhece&#8230;maracuj\u00e1, melancia e abacaxi&#8230;Champanhe rosa gelad\u00edssimo no fim de tarde&#8230;Fazer por merecer e ser a \u201cgra\u00e7a\u201d do momento!<\/p>\n<div id=\"attachment_152112\" style=\"width: 690px\" class=\"wp-caption aligncenter\"><img loading=\"lazy\" decoding=\"async\" aria-describedby=\"caption-attachment-152112\" class=\"wp-image-152112\" src=\"https:\/\/diarioregionaldigital.com.br\/wp-content\/uploads\/2019\/12\/fotoa-e1575324422496.jpg\" alt=\"\" width=\"680\" height=\"546\" srcset=\"https:\/\/diarioregionaldigital.com.br\/wp-content\/uploads\/2019\/12\/fotoa-e1575324422496.jpg 1176w, https:\/\/diarioregionaldigital.com.br\/wp-content\/uploads\/2019\/12\/fotoa-e1575324422496-300x241.jpg 300w, https:\/\/diarioregionaldigital.com.br\/wp-content\/uploads\/2019\/12\/fotoa-e1575324422496-768x616.jpg 768w, https:\/\/diarioregionaldigital.com.br\/wp-content\/uploads\/2019\/12\/fotoa-e1575324422496-1024x822.jpg 1024w, https:\/\/diarioregionaldigital.com.br\/wp-content\/uploads\/2019\/12\/fotoa-e1575324422496-360x289.jpg 360w\" sizes=\"auto, (max-width: 680px) 100vw, 680px\" \/><p id=\"caption-attachment-152112\" class=\"wp-caption-text\">O empres\u00e1rio Omar Peres (Catito) festejando o anivers\u00e1rio de 20 anos da linda filha Duda, no Bar Lagoa (RJ)<\/p><\/div>\n<div id=\"attachment_152113\" style=\"width: 690px\" class=\"wp-caption aligncenter\"><img loading=\"lazy\" decoding=\"async\" aria-describedby=\"caption-attachment-152113\" class=\"wp-image-152113\" src=\"https:\/\/diarioregionaldigital.com.br\/wp-content\/uploads\/2019\/12\/fotob-e1575324661412.jpg\" alt=\"\" width=\"680\" height=\"465\" srcset=\"https:\/\/diarioregionaldigital.com.br\/wp-content\/uploads\/2019\/12\/fotob-e1575324661412.jpg 1152w, https:\/\/diarioregionaldigital.com.br\/wp-content\/uploads\/2019\/12\/fotob-e1575324661412-300x205.jpg 300w, https:\/\/diarioregionaldigital.com.br\/wp-content\/uploads\/2019\/12\/fotob-e1575324661412-768x525.jpg 768w, https:\/\/diarioregionaldigital.com.br\/wp-content\/uploads\/2019\/12\/fotob-e1575324661412-1024x700.jpg 1024w, https:\/\/diarioregionaldigital.com.br\/wp-content\/uploads\/2019\/12\/fotob-e1575324661412-360x246.jpg 360w\" sizes=\"auto, (max-width: 680px) 100vw, 680px\" \/><p id=\"caption-attachment-152113\" class=\"wp-caption-text\">Turistando em Buenos Aires, o saud\u00e1vel jornalista Petterson Marciano<\/p><\/div>\n<div id=\"attachment_152115\" style=\"width: 690px\" class=\"wp-caption aligncenter\"><img loading=\"lazy\" decoding=\"async\" aria-describedby=\"caption-attachment-152115\" class=\"wp-image-152115\" src=\"https:\/\/diarioregionaldigital.com.br\/wp-content\/uploads\/2019\/12\/fotoc-e1575324454625.jpg\" alt=\"\" width=\"680\" height=\"564\" srcset=\"https:\/\/diarioregionaldigital.com.br\/wp-content\/uploads\/2019\/12\/fotoc-e1575324454625.jpg 1170w, https:\/\/diarioregionaldigital.com.br\/wp-content\/uploads\/2019\/12\/fotoc-e1575324454625-300x249.jpg 300w, https:\/\/diarioregionaldigital.com.br\/wp-content\/uploads\/2019\/12\/fotoc-e1575324454625-768x637.jpg 768w, https:\/\/diarioregionaldigital.com.br\/wp-content\/uploads\/2019\/12\/fotoc-e1575324454625-1024x849.jpg 1024w, https:\/\/diarioregionaldigital.com.br\/wp-content\/uploads\/2019\/12\/fotoc-e1575324454625-360x298.jpg 360w\" sizes=\"auto, (max-width: 680px) 100vw, 680px\" \/><p id=\"caption-attachment-152115\" class=\"wp-caption-text\">Rumo ao Mr. Juiz de Fora, Lucas Fernandes<\/p><\/div>\n<div id=\"attachment_152116\" style=\"width: 690px\" class=\"wp-caption aligncenter\"><img loading=\"lazy\" decoding=\"async\" aria-describedby=\"caption-attachment-152116\" class=\"wp-image-152116\" src=\"https:\/\/diarioregionaldigital.com.br\/wp-content\/uploads\/2019\/12\/fotod-e1575324477559.jpg\" alt=\"\" width=\"680\" height=\"505\" srcset=\"https:\/\/diarioregionaldigital.com.br\/wp-content\/uploads\/2019\/12\/fotod-e1575324477559.jpg 1176w, https:\/\/diarioregionaldigital.com.br\/wp-content\/uploads\/2019\/12\/fotod-e1575324477559-300x223.jpg 300w, https:\/\/diarioregionaldigital.com.br\/wp-content\/uploads\/2019\/12\/fotod-e1575324477559-768x571.jpg 768w, https:\/\/diarioregionaldigital.com.br\/wp-content\/uploads\/2019\/12\/fotod-e1575324477559-1024x761.jpg 1024w, https:\/\/diarioregionaldigital.com.br\/wp-content\/uploads\/2019\/12\/fotod-e1575324477559-360x268.jpg 360w\" sizes=\"auto, (max-width: 680px) 100vw, 680px\" \/><p id=\"caption-attachment-152116\" class=\"wp-caption-text\">A bonita Ana Maria Moura Fernandes Shubo, formou no Ensino M\u00e9dio pelo CAVE<\/p><\/div>\n<div id=\"attachment_152117\" style=\"width: 690px\" class=\"wp-caption aligncenter\"><img loading=\"lazy\" decoding=\"async\" aria-describedby=\"caption-attachment-152117\" class=\"wp-image-152117\" src=\"https:\/\/diarioregionaldigital.com.br\/wp-content\/uploads\/2019\/12\/fotoe-e1575324506106.jpg\" alt=\"\" width=\"680\" height=\"545\" srcset=\"https:\/\/diarioregionaldigital.com.br\/wp-content\/uploads\/2019\/12\/fotoe-e1575324506106.jpg 1167w, https:\/\/diarioregionaldigital.com.br\/wp-content\/uploads\/2019\/12\/fotoe-e1575324506106-300x241.jpg 300w, https:\/\/diarioregionaldigital.com.br\/wp-content\/uploads\/2019\/12\/fotoe-e1575324506106-768x616.jpg 768w, https:\/\/diarioregionaldigital.com.br\/wp-content\/uploads\/2019\/12\/fotoe-e1575324506106-1024x821.jpg 1024w, https:\/\/diarioregionaldigital.com.br\/wp-content\/uploads\/2019\/12\/fotoe-e1575324506106-360x289.jpg 360w\" sizes=\"auto, (max-width: 680px) 100vw, 680px\" \/><p id=\"caption-attachment-152117\" class=\"wp-caption-text\">Comemorando n\u00edver no Coffee &amp; Cia no Solar Flat Hotel, Cidinha Vieira com Sandoval Almeida<\/p><\/div>\n<div id=\"attachment_152118\" style=\"width: 690px\" class=\"wp-caption aligncenter\"><img loading=\"lazy\" decoding=\"async\" aria-describedby=\"caption-attachment-152118\" class=\"wp-image-152118\" src=\"https:\/\/diarioregionaldigital.com.br\/wp-content\/uploads\/2019\/12\/fotof-e1575324535208.jpg\" alt=\"\" width=\"680\" height=\"505\" srcset=\"https:\/\/diarioregionaldigital.com.br\/wp-content\/uploads\/2019\/12\/fotof-e1575324535208.jpg 1534w, https:\/\/diarioregionaldigital.com.br\/wp-content\/uploads\/2019\/12\/fotof-e1575324535208-300x223.jpg 300w, https:\/\/diarioregionaldigital.com.br\/wp-content\/uploads\/2019\/12\/fotof-e1575324535208-768x570.jpg 768w, https:\/\/diarioregionaldigital.com.br\/wp-content\/uploads\/2019\/12\/fotof-e1575324535208-1024x760.jpg 1024w, https:\/\/diarioregionaldigital.com.br\/wp-content\/uploads\/2019\/12\/fotof-e1575324535208-360x267.jpg 360w\" sizes=\"auto, (max-width: 680px) 100vw, 680px\" \/><p id=\"caption-attachment-152118\" class=\"wp-caption-text\">No lema \u201cjuntos somos mais fortes\u201d a fam\u00edlia Gomide Guimar\u00e3es, Victor, M\u00f4nica, Bruna e Patr\u00edcia<\/p><\/div>\n<div id=\"attachment_152119\" style=\"width: 690px\" class=\"wp-caption aligncenter\"><img loading=\"lazy\" decoding=\"async\" aria-describedby=\"caption-attachment-152119\" class=\"wp-image-152119\" src=\"https:\/\/diarioregionaldigital.com.br\/wp-content\/uploads\/2019\/12\/fotog-e1575324567259.jpg\" alt=\"\" width=\"680\" height=\"486\" srcset=\"https:\/\/diarioregionaldigital.com.br\/wp-content\/uploads\/2019\/12\/fotog-e1575324567259.jpg 1610w, https:\/\/diarioregionaldigital.com.br\/wp-content\/uploads\/2019\/12\/fotog-e1575324567259-300x214.jpg 300w, https:\/\/diarioregionaldigital.com.br\/wp-content\/uploads\/2019\/12\/fotog-e1575324567259-768x549.jpg 768w, https:\/\/diarioregionaldigital.com.br\/wp-content\/uploads\/2019\/12\/fotog-e1575324567259-1024x731.jpg 1024w, https:\/\/diarioregionaldigital.com.br\/wp-content\/uploads\/2019\/12\/fotog-e1575324567259-360x257.jpg 360w, https:\/\/diarioregionaldigital.com.br\/wp-content\/uploads\/2019\/12\/fotog-e1575324567259-100x70.jpg 100w\" sizes=\"auto, (max-width: 680px) 100vw, 680px\" \/><p id=\"caption-attachment-152119\" class=\"wp-caption-text\">Na Art Gallery em S\u00e3o Paulo, Marcelo Neves Fernando Priamo e Jairo Luis<\/p><\/div>\n<div id=\"attachment_152121\" style=\"width: 690px\" class=\"wp-caption aligncenter\"><img loading=\"lazy\" decoding=\"async\" aria-describedby=\"caption-attachment-152121\" class=\"wp-image-152121\" src=\"https:\/\/diarioregionaldigital.com.br\/wp-content\/uploads\/2019\/12\/fotoi.jpg\" alt=\"\" width=\"680\" height=\"455\" srcset=\"https:\/\/diarioregionaldigital.com.br\/wp-content\/uploads\/2019\/12\/fotoi.jpg 1758w, https:\/\/diarioregionaldigital.com.br\/wp-content\/uploads\/2019\/12\/fotoi-300x201.jpg 300w, https:\/\/diarioregionaldigital.com.br\/wp-content\/uploads\/2019\/12\/fotoi-768x514.jpg 768w, https:\/\/diarioregionaldigital.com.br\/wp-content\/uploads\/2019\/12\/fotoi-1024x685.jpg 1024w, https:\/\/diarioregionaldigital.com.br\/wp-content\/uploads\/2019\/12\/fotoi-360x241.jpg 360w\" sizes=\"auto, (max-width: 680px) 100vw, 680px\" \/><p id=\"caption-attachment-152121\" class=\"wp-caption-text\">Em Tiradentes em sintonia com o barroco mineiro, Guilherme Guizelli e Sydney Castro<\/p><\/div>\n<div id=\"attachment_152120\" style=\"width: 690px\" class=\"wp-caption aligncenter\"><img loading=\"lazy\" decoding=\"async\" aria-describedby=\"caption-attachment-152120\" class=\"wp-image-152120\" src=\"https:\/\/diarioregionaldigital.com.br\/wp-content\/uploads\/2019\/12\/fotoh.jpg\" alt=\"\" width=\"680\" height=\"451\" srcset=\"https:\/\/diarioregionaldigital.com.br\/wp-content\/uploads\/2019\/12\/fotoh.jpg 1764w, https:\/\/diarioregionaldigital.com.br\/wp-content\/uploads\/2019\/12\/fotoh-300x199.jpg 300w, https:\/\/diarioregionaldigital.com.br\/wp-content\/uploads\/2019\/12\/fotoh-768x509.jpg 768w, https:\/\/diarioregionaldigital.com.br\/wp-content\/uploads\/2019\/12\/fotoh-1024x679.jpg 1024w, https:\/\/diarioregionaldigital.com.br\/wp-content\/uploads\/2019\/12\/fotoh-360x239.jpg 360w\" sizes=\"auto, (max-width: 680px) 100vw, 680px\" \/><p id=\"caption-attachment-152120\" class=\"wp-caption-text\">Eduardo Gomes e torcida do Meng\u00e3o Campe\u00e3o no Coffee &amp; Cia no Solar Flat Hotel<\/p><\/div>\n<p style=\"text-align: center;\"><strong>FOTOSS\u00cdNTESE<\/strong><\/p>\n<p>Digno de todos os elogios, o professor, escritor e destacado odont\u00f3logo em Juiz de Fora, Mauro Cruz foi homenageado na Feira Liter\u00e1ria de Santana de Cataguases (Felisa).<\/p>\n<p>Agendado para o dia 5 de dezembro, no S\u00edrio e Liban\u00eas o tradicional Jantar \u00c1rabe, com renda beneficente para a ALAE.<\/p>\n<p>Ser\u00e1 no campo do Sport Clube Juiz de Fora no dia 17 de dezembro, a \u00faltima Missa do Imposs\u00edvel celebrado pelo carism\u00e1tico Padre Pierre Cantarino.<\/p>\n<p>Com muitos aplausos, o pianista Guilherme Veronese, acompanhado do baixista Gladston Vieira , se apresentaram no MAMM com o concerto \u201cPiano Brasileiro\u201d.<\/p>\n<p>Encerrando o novembro Azul, o presidente do Abrigo Santa Helena Ant\u00f4nio Carlos Estev\u00e3o coordenou a coleta de sangue dos assistidos do abrigo para o exame de PSA. Parab\u00e9ns.<\/p>\n<p>Simp\u00e1tica e talentosa, Ana Paula Dessupoio foi aprovada no doutorado em Comunica\u00e7\u00e3o pela UFJF.<\/p>\n<p>No Museu Mariano Proc\u00f3pio segue a exposi\u00e7\u00e3o Arte do Tempo: O Rel\u00f3gio na Decora\u00e7\u00e3o de Interiores.<\/p>\n<p>A casa sede do Jardim Bot\u00e2nico da UFJF est\u00e1 apresentando a exposi\u00e7\u00e3o \u201cMaxakali- Resist\u00eancia Ind\u00edgena no Brasil Atual\u201d.<\/p>\n<p>A programa\u00e7\u00e3o cultural de fim de ano da Arteria est\u00e1 de primeir\u00edssima qualidade. Ponto para Carolina Sim\u00f5es.<\/p>\n<p>O jovem empres\u00e1rio Rodrigo Pina lan\u00e7ou com sucesso o novo card\u00e1pio do Mr.Pina, no Independ\u00eancia Shopping.<\/p>\n<p>A bel\u00edssima Mel Mattos passou e deu aquele al\u00f4.<\/p>\n<p>Para costurar: \u201cN\u00e9voa no olhar encobre hist\u00f3ria crepuscular\u201d. (Aldravia de Cecy Barbosa Campos).<\/p>\n<p><img loading=\"lazy\" decoding=\"async\" class=\"aligncenter size-full wp-image-151832\" src=\"https:\/\/diarioregionaldigital.com.br\/wp-content\/uploads\/2019\/11\/anuncio66.jpg\" alt=\"\" width=\"3524\" height=\"1319\" srcset=\"https:\/\/diarioregionaldigital.com.br\/wp-content\/uploads\/2019\/11\/anuncio66.jpg 3524w, https:\/\/diarioregionaldigital.com.br\/wp-content\/uploads\/2019\/11\/anuncio66-300x112.jpg 300w, https:\/\/diarioregionaldigital.com.br\/wp-content\/uploads\/2019\/11\/anuncio66-768x287.jpg 768w, https:\/\/diarioregionaldigital.com.br\/wp-content\/uploads\/2019\/11\/anuncio66-1024x383.jpg 1024w, https:\/\/diarioregionaldigital.com.br\/wp-content\/uploads\/2019\/11\/anuncio66-360x135.jpg 360w\" sizes=\"auto, (max-width: 3524px) 100vw, 3524px\" \/><\/p>\n","protected":false},"excerpt":{"rendered":"<p>Novidade Craque na cozinha, Ana Maria Braga pode tudo. Ela recebeu F\u00e1bio Porchat recentemente no \u201cMais Voc\u00ea\u201d, e avisou que quer participar da segunda temporada dele no GNT. O apresentador se animou e ela prometeu contar alguma hist\u00f3ria divertida. Assunto ela tem de sobra. Homenagem Foi na base do Ch\u00e1 com Poesia no Centro de [&hellip;]<\/p>\n","protected":false},"author":96,"featured_media":152112,"comment_status":"closed","ping_status":"closed","sticky":false,"template":"","format":"standard","meta":{"footnotes":""},"categories":[264],"tags":[],"class_list":["post-152141","post","type-post","status-publish","format-standard","has-post-thumbnail","hentry","category-eduardo-gomes"],"_links":{"self":[{"href":"https:\/\/diarioregionaldigital.com.br\/index.php?rest_route=\/wp\/v2\/posts\/152141","targetHints":{"allow":["GET"]}}],"collection":[{"href":"https:\/\/diarioregionaldigital.com.br\/index.php?rest_route=\/wp\/v2\/posts"}],"about":[{"href":"https:\/\/diarioregionaldigital.com.br\/index.php?rest_route=\/wp\/v2\/types\/post"}],"author":[{"embeddable":true,"href":"https:\/\/diarioregionaldigital.com.br\/index.php?rest_route=\/wp\/v2\/users\/96"}],"replies":[{"embeddable":true,"href":"https:\/\/diarioregionaldigital.com.br\/index.php?rest_route=%2Fwp%2Fv2%2Fcomments&post=152141"}],"version-history":[{"count":0,"href":"https:\/\/diarioregionaldigital.com.br\/index.php?rest_route=\/wp\/v2\/posts\/152141\/revisions"}],"wp:featuredmedia":[{"embeddable":true,"href":"https:\/\/diarioregionaldigital.com.br\/index.php?rest_route=\/wp\/v2\/media\/152112"}],"wp:attachment":[{"href":"https:\/\/diarioregionaldigital.com.br\/index.php?rest_route=%2Fwp%2Fv2%2Fmedia&parent=152141"}],"wp:term":[{"taxonomy":"category","embeddable":true,"href":"https:\/\/diarioregionaldigital.com.br\/index.php?rest_route=%2Fwp%2Fv2%2Fcategories&post=152141"},{"taxonomy":"post_tag","embeddable":true,"href":"https:\/\/diarioregionaldigital.com.br\/index.php?rest_route=%2Fwp%2Fv2%2Ftags&post=152141"}],"curies":[{"name":"wp","href":"https:\/\/api.w.org\/{rel}","templated":true}]}}