{"id":152134,"date":"2019-12-02T19:06:05","date_gmt":"2019-12-02T21:06:05","guid":{"rendered":"https:\/\/diarioregionaldigital.com.br\/?p=152134"},"modified":"2019-12-02T19:06:05","modified_gmt":"2019-12-02T21:06:05","slug":"sul-americano-sub-15-ja-classificado-brasil-e-superado-pela-colombia","status":"publish","type":"post","link":"https:\/\/diarioregionaldigital.com.br\/?p=152134","title":{"rendered":"Sul-americano sub-15: j\u00e1 classificado, Brasil \u00e9 superado pela Col\u00f4mbia"},"content":{"rendered":"<p>Pela quinta rodada do Sul-Americano Sub-15, disputado no Paraguai, a Sele\u00e7\u00e3o Brasileira entrou em campo com o time quase todo reserva diante da Col\u00f4mbia, nesse domingo (1), e foi superada por 3 a 0. O resultado n\u00e3o interferiu na classifica\u00e7\u00e3o da Canarinho, que j\u00e1 est\u00e1 garantida na semifinal da competi\u00e7\u00e3o.<\/p>\n<p>&nbsp;<\/p>\n<p><strong>O jogo<\/strong><\/p>\n<p>J\u00e1 garantido na pr\u00f3xima fase, o Brasil come\u00e7ou o jogo com o time reserva, que foi estudando o advers\u00e1rio e testando as cria\u00e7\u00f5es das jogadas. A Col\u00f4mbia come\u00e7ou mais ofensiva, enquanto a Canarinho se defendia. Aos poucos, a equipe de Paulo Victor Gomes foi se encaixando. Aos 14 minutos, Mateus arrancou pela direita e finalizou forte, mas o goleiro colombiano fez a defesa. Um pouco depois, novamente o camisa 19 chegou bem e foi parado em Santiago Asprilla. Aos 25, os advers\u00e1rios armaram boa trama pelo meio e sa\u00edram na frente com Br\u00e9ider Villalobos. Tr\u00eas minutos depois, Luiz Ramires derrubou Ricardo Caraballo dentro da \u00e1rea, e o pr\u00f3prio camisa 9 cobrou o p\u00eanalti para ampliar para a Col\u00f4mbia: 2 a 0.<\/p>\n<p>Na volta do intervalo, a Col\u00f4mbia ampliou aos 18 minutos, novamente com Ricardo Caraballo. O Brasil tentou reagir e levou perigo em cobran\u00e7a de falta aos 25. No lance seguinte, Z\u00e9 Welinton levantou bola perigosa na \u00e1rea, mas a defesa afastou. Aos 38, Emersonn avan\u00e7ou pela esquerda em jogada individual, mas foi cortado pelos advers\u00e1rios. O Brasil seguiu buscando o ataque at\u00e9 o apito final, mas o marcador n\u00e3o foi mais alterado.<\/p>\n<p>&nbsp;<\/p>\n<p><strong>BRASIL:<\/strong>\u00a0Luiz Ramires; Leonardo Ata\u00edde, Kaiky (Vinicius), Renato e Z\u00e9 Welinton; Andrey, Arthur (Biro) e Rodrigo (Kau\u00ea); Mateus Lima (Robinho), Matheus Fran\u00e7a e Daniel (Emersonn).<\/p>\n<p>&nbsp;<\/p>\n<p><strong>Fonte:<\/strong>\u00a0CBF<\/p>\n","protected":false},"excerpt":{"rendered":"<p>Pela quinta rodada do Sul-Americano Sub-15, disputado no Paraguai, a Sele\u00e7\u00e3o Brasileira entrou em campo com o time quase todo reserva diante da Col\u00f4mbia, nesse domingo (1), e foi superada por 3 a 0. O resultado n\u00e3o interferiu na classifica\u00e7\u00e3o da Canarinho, que j\u00e1 est\u00e1 garantida na semifinal da competi\u00e7\u00e3o. &nbsp; O jogo J\u00e1 garantido [&hellip;]<\/p>\n","protected":false},"author":96,"featured_media":0,"comment_status":"closed","ping_status":"closed","sticky":false,"template":"","format":"standard","meta":{"footnotes":""},"categories":[436,257,439],"tags":[],"class_list":["post-152134","post","type-post","status-publish","format-standard","hentry","category-destaque-da-semana","category-esporte","category-ultima-hora"],"_links":{"self":[{"href":"https:\/\/diarioregionaldigital.com.br\/index.php?rest_route=\/wp\/v2\/posts\/152134","targetHints":{"allow":["GET"]}}],"collection":[{"href":"https:\/\/diarioregionaldigital.com.br\/index.php?rest_route=\/wp\/v2\/posts"}],"about":[{"href":"https:\/\/diarioregionaldigital.com.br\/index.php?rest_route=\/wp\/v2\/types\/post"}],"author":[{"embeddable":true,"href":"https:\/\/diarioregionaldigital.com.br\/index.php?rest_route=\/wp\/v2\/users\/96"}],"replies":[{"embeddable":true,"href":"https:\/\/diarioregionaldigital.com.br\/index.php?rest_route=%2Fwp%2Fv2%2Fcomments&post=152134"}],"version-history":[{"count":0,"href":"https:\/\/diarioregionaldigital.com.br\/index.php?rest_route=\/wp\/v2\/posts\/152134\/revisions"}],"wp:attachment":[{"href":"https:\/\/diarioregionaldigital.com.br\/index.php?rest_route=%2Fwp%2Fv2%2Fmedia&parent=152134"}],"wp:term":[{"taxonomy":"category","embeddable":true,"href":"https:\/\/diarioregionaldigital.com.br\/index.php?rest_route=%2Fwp%2Fv2%2Fcategories&post=152134"},{"taxonomy":"post_tag","embeddable":true,"href":"https:\/\/diarioregionaldigital.com.br\/index.php?rest_route=%2Fwp%2Fv2%2Ftags&post=152134"}],"curies":[{"name":"wp","href":"https:\/\/api.w.org\/{rel}","templated":true}]}}