{"id":152125,"date":"2019-12-02T18:19:10","date_gmt":"2019-12-02T20:19:10","guid":{"rendered":"https:\/\/diarioregionaldigital.com.br\/?p=152125"},"modified":"2019-12-02T18:19:10","modified_gmt":"2019-12-02T20:19:10","slug":"meio-campista-lucio-e-o-novo-reforco-do-tupynambas","status":"publish","type":"post","link":"https:\/\/diarioregionaldigital.com.br\/?p=152125","title":{"rendered":"Meio-campista L\u00facio \u00e9 o novo refor\u00e7o do Tupynamb\u00e1s"},"content":{"rendered":"<p>O Tupynamb\u00e1s anunciou mais um refor\u00e7o para a disputa do Campeonato Mineiro 2020. O Le\u00e3o do Po\u00e7o Rico acertou com o experiente meio-campista L\u00facio de 40 anos. O veterano teve passagens por diversas equipes do Brasil e do exterior, como Palmeiras, S\u00e3o Paulo, Gr\u00eamio e Hertha Berlin (Alemanha). O atleta ainda esteve pr\u00f3ximo de vestir a camisa da Sele\u00e7\u00e3o Brasileira.<\/p>\n<p>O Tupynamb\u00e1s estrear\u00e1 no Campeonato Mineiro 2020, no dia 22 de janeiro, diante da equipe do Tombense no Est\u00e1dio Municipal Radialista M\u00e1rio Hel\u00eanio.<\/p>\n<p>&nbsp;<\/p>\n<p><strong>Jogos do Tupynamb\u00e1s pelo Campeonato Mineiro (partidas em casa ser\u00e3o no Est\u00e1dio Radialista M\u00e1rio Hel\u00eanio):<\/strong><\/p>\n<p>Casa: Tombense (22\/01);<\/p>\n<p>Fora: Atl\u00e9tico-MG (26\/01) na Arena Independ\u00eancia em Belo Horizonte;<\/p>\n<p>Casa: Am\u00e9rica-MG (29\/01);<\/p>\n<p>Fora: Cruzeiro (01\/02) no Est\u00e1dio do Mineir\u00e3o em Belo Horizonte;<\/p>\n<p>Fora: Villa Nova (09\/02) no Est\u00e1dio Castor Cifuentes em Nova Lima;<\/p>\n<p>Casa: Uberl\u00e2ndia (15\/02);<\/p>\n<p>Fora: Coimbra (29\/02) na Arena Independ\u00eancia em Belo Horizonte;<\/p>\n<p>Casa: Patrocinense (07\/03);<\/p>\n<p>Fora: URT (15\/02) no Est\u00e1dio Zama Maciel em Patos de Minas;<\/p>\n<p>Casa: Caldense (21\/03);<\/p>\n<p>Fora: Boa Esporte (01\/04) no Est\u00e1dio Dilzon Melo em Varginha;<\/p>\n","protected":false},"excerpt":{"rendered":"<p>O Tupynamb\u00e1s anunciou mais um refor\u00e7o para a disputa do Campeonato Mineiro 2020. O Le\u00e3o do Po\u00e7o Rico acertou com o experiente meio-campista L\u00facio de 40 anos. O veterano teve passagens por diversas equipes do Brasil e do exterior, como Palmeiras, S\u00e3o Paulo, Gr\u00eamio e Hertha Berlin (Alemanha). O atleta ainda esteve pr\u00f3ximo de vestir [&hellip;]<\/p>\n","protected":false},"author":96,"featured_media":152126,"comment_status":"closed","ping_status":"closed","sticky":false,"template":"","format":"standard","meta":{"footnotes":""},"categories":[436,257,439],"tags":[],"class_list":["post-152125","post","type-post","status-publish","format-standard","has-post-thumbnail","hentry","category-destaque-da-semana","category-esporte","category-ultima-hora"],"_links":{"self":[{"href":"https:\/\/diarioregionaldigital.com.br\/index.php?rest_route=\/wp\/v2\/posts\/152125","targetHints":{"allow":["GET"]}}],"collection":[{"href":"https:\/\/diarioregionaldigital.com.br\/index.php?rest_route=\/wp\/v2\/posts"}],"about":[{"href":"https:\/\/diarioregionaldigital.com.br\/index.php?rest_route=\/wp\/v2\/types\/post"}],"author":[{"embeddable":true,"href":"https:\/\/diarioregionaldigital.com.br\/index.php?rest_route=\/wp\/v2\/users\/96"}],"replies":[{"embeddable":true,"href":"https:\/\/diarioregionaldigital.com.br\/index.php?rest_route=%2Fwp%2Fv2%2Fcomments&post=152125"}],"version-history":[{"count":0,"href":"https:\/\/diarioregionaldigital.com.br\/index.php?rest_route=\/wp\/v2\/posts\/152125\/revisions"}],"wp:featuredmedia":[{"embeddable":true,"href":"https:\/\/diarioregionaldigital.com.br\/index.php?rest_route=\/wp\/v2\/media\/152126"}],"wp:attachment":[{"href":"https:\/\/diarioregionaldigital.com.br\/index.php?rest_route=%2Fwp%2Fv2%2Fmedia&parent=152125"}],"wp:term":[{"taxonomy":"category","embeddable":true,"href":"https:\/\/diarioregionaldigital.com.br\/index.php?rest_route=%2Fwp%2Fv2%2Fcategories&post=152125"},{"taxonomy":"post_tag","embeddable":true,"href":"https:\/\/diarioregionaldigital.com.br\/index.php?rest_route=%2Fwp%2Fv2%2Ftags&post=152125"}],"curies":[{"name":"wp","href":"https:\/\/api.w.org\/{rel}","templated":true}]}}