{"id":152098,"date":"2019-12-02T17:15:04","date_gmt":"2019-12-02T19:15:04","guid":{"rendered":"https:\/\/diarioregionaldigital.com.br\/?p=152098"},"modified":"2019-12-02T17:15:04","modified_gmt":"2019-12-02T19:15:04","slug":"matriculas-para-creches-municipais-e-conveniadas-a-pjf-comecam-nessa-segunda-feira","status":"publish","type":"post","link":"https:\/\/diarioregionaldigital.com.br\/?p=152098","title":{"rendered":"Matr\u00edculas para creches municipais e conveniadas \u00e0 PJF come\u00e7am nessa segunda-feira"},"content":{"rendered":"<p>A Secretaria de Educa\u00e7\u00e3o (SE) da Prefeitura de Juiz de Fora (PJF) iniciou nessa segunda-feira (2), o per\u00edodo de matr\u00edculas de crian\u00e7as de zero a tr\u00eas anos e 11 meses de idade, para 1.297 vagas em 2020, nas 46 creches p\u00fablicas e conveniadas. Os respons\u00e1veis pelas crian\u00e7as contempladas no processo do cadastro feito em outubro dever\u00e3o comparecer \u00e0 creche onde a crian\u00e7a dever\u00e1 ser matriculada.<\/p>\n<p>A classifica\u00e7\u00e3o segue crit\u00e9rios de vulnerabilidade social. As creches oferecem atendimento em tempo integral de, no m\u00ednimo, sete horas di\u00e1rias. Atualmente, a rede municipal atende mais de 4.650 crian\u00e7as.<\/p>\n<p>&nbsp;<\/p>\n<p><strong>Documentos para matr\u00edcula<\/strong><\/p>\n<p>1.Certid\u00e3o de nascimento da crian\u00e7a ou declara\u00e7\u00e3o de guarda judicial (original e c\u00f3pia);<\/p>\n<p>2.Caso a crian\u00e7a esteja sob responsabilidade de terceiros, apresentar declara\u00e7\u00e3o de guarda judicial;<\/p>\n<p>3.Carteira de vacina\u00e7\u00e3o (c\u00f3pia das p\u00e1ginas de identifica\u00e7\u00e3o da crian\u00e7a e das vacinas);<\/p>\n<p>4.Carteira de identidade (RG) e Cadastro de Pessoa F\u00edsica (CPF) do pai, m\u00e3e ou respons\u00e1vel legal (original e c\u00f3pia);<\/p>\n<p>5.C\u00f3pia de identidade das pessoas autorizadas a buscarem a crian\u00e7a na institui\u00e7\u00e3o;<\/p>\n<p>6.Atestado m\u00e9dico;<\/p>\n<p>7.Comprovante de resid\u00eancia (original e c\u00f3pia);<\/p>\n<p>8.Foto 3&#215;4 da m\u00e3e ou do pai (quem for fazer a matr\u00edcula);<\/p>\n<p>9.Foto 3&#215;4 da crian\u00e7a;<\/p>\n<p>10.N\u00famero de Identifica\u00e7\u00e3o Social (NIS).<\/p>\n<p>&nbsp;<\/p>\n<p><strong>Fonte:<\/strong>\u00a0Assessoria<\/p>\n","protected":false},"excerpt":{"rendered":"<p>A Secretaria de Educa\u00e7\u00e3o (SE) da Prefeitura de Juiz de Fora (PJF) iniciou nessa segunda-feira (2), o per\u00edodo de matr\u00edculas de crian\u00e7as de zero a tr\u00eas anos e 11 meses de idade, para 1.297 vagas em 2020, nas 46 creches p\u00fablicas e conveniadas. Os respons\u00e1veis pelas crian\u00e7as contempladas no processo do cadastro feito em outubro [&hellip;]<\/p>\n","protected":false},"author":96,"featured_media":152100,"comment_status":"closed","ping_status":"closed","sticky":false,"template":"","format":"standard","meta":{"footnotes":""},"categories":[253,436,439],"tags":[],"class_list":["post-152098","post","type-post","status-publish","format-standard","has-post-thumbnail","hentry","category-cidade","category-destaque-da-semana","category-ultima-hora"],"_links":{"self":[{"href":"https:\/\/diarioregionaldigital.com.br\/index.php?rest_route=\/wp\/v2\/posts\/152098","targetHints":{"allow":["GET"]}}],"collection":[{"href":"https:\/\/diarioregionaldigital.com.br\/index.php?rest_route=\/wp\/v2\/posts"}],"about":[{"href":"https:\/\/diarioregionaldigital.com.br\/index.php?rest_route=\/wp\/v2\/types\/post"}],"author":[{"embeddable":true,"href":"https:\/\/diarioregionaldigital.com.br\/index.php?rest_route=\/wp\/v2\/users\/96"}],"replies":[{"embeddable":true,"href":"https:\/\/diarioregionaldigital.com.br\/index.php?rest_route=%2Fwp%2Fv2%2Fcomments&post=152098"}],"version-history":[{"count":0,"href":"https:\/\/diarioregionaldigital.com.br\/index.php?rest_route=\/wp\/v2\/posts\/152098\/revisions"}],"wp:featuredmedia":[{"embeddable":true,"href":"https:\/\/diarioregionaldigital.com.br\/index.php?rest_route=\/wp\/v2\/media\/152100"}],"wp:attachment":[{"href":"https:\/\/diarioregionaldigital.com.br\/index.php?rest_route=%2Fwp%2Fv2%2Fmedia&parent=152098"}],"wp:term":[{"taxonomy":"category","embeddable":true,"href":"https:\/\/diarioregionaldigital.com.br\/index.php?rest_route=%2Fwp%2Fv2%2Fcategories&post=152098"},{"taxonomy":"post_tag","embeddable":true,"href":"https:\/\/diarioregionaldigital.com.br\/index.php?rest_route=%2Fwp%2Fv2%2Ftags&post=152098"}],"curies":[{"name":"wp","href":"https:\/\/api.w.org\/{rel}","templated":true}]}}