{"id":152094,"date":"2019-12-02T16:57:34","date_gmt":"2019-12-02T18:57:34","guid":{"rendered":"https:\/\/diarioregionaldigital.com.br\/?p=152094"},"modified":"2019-12-02T16:57:34","modified_gmt":"2019-12-02T18:57:34","slug":"projeto-de-lei-institui-mes-maio-laranja","status":"publish","type":"post","link":"https:\/\/diarioregionaldigital.com.br\/?p=152094","title":{"rendered":"Projeto de Lei institui m\u00eas \u201cMaio Laranja\u201d"},"content":{"rendered":"<p>Os vereadores Andr\u00e9 Mariano (PSC) e J\u00falio Obama (PHS), elaboraram um Projeto de Lei para instaurar o \u201cMaio Laranja\u201d, objetivo \u00e9 orientar e fortalecer o combate ao abuso e \u00e0 explora\u00e7\u00e3o sexual de crian\u00e7as e adolescentes. Durante o m\u00eas de maio, ser\u00e3o feitas a\u00e7\u00f5es de conscientiza\u00e7\u00e3o contra viol\u00eancia sexual, palestras, eventos e atividades educativas. Al\u00e9m disso, ser\u00e3o elaborados banners, folders e outros materiais para informar a popula\u00e7\u00e3o sobre o combate \u00e0 viol\u00eancia sexual e incentivar a den\u00fancia.<\/p>\n<p>Segundo o projeto, entre 2011 e 2017, houve aumento de 83% no n\u00famero de relatos de casos de abuso contra crian\u00e7as e adolescentes, sendo que as regi\u00f5es do Brasil que registraram o maior volume de notifica\u00e7\u00f5es no per\u00edodo foram as regi\u00f5es Sudeste (40,4%) e Sul (21,7%), para as crian\u00e7as, e Sudeste (32,1%) e Norte (21,9%) para os adolescentes.e a maioria dos casos de abuso e explora\u00e7\u00e3o sexual s\u00e3o praticados por pais, m\u00e3es, padrastos ou outros parentes das v\u00edtimas. Em mais de 70% dos registros, a viol\u00eancia foi cometida na casa do abusador ou da v\u00edtima.<\/p>\n<p>De acordo com dados feitos pelo <em>Out Of The Shadows Index 2019 <\/em>(em portugu\u00eas, \u00cdndice Fora das Sombras), apoiado pelas funda\u00e7\u00f5es <em>World Childhood Foundation<\/em> e <em>Oak Foundation<\/em> mostra que os dez pa\u00edses melhor colocados em um ranking de combate a abuso sexual infantil e explora\u00e7\u00e3o, est\u00e3o entre os mais ricos do mundo. Dos 40 pa\u00edses avaliados, o Brasil aparece na 11\u00aa posi\u00e7\u00e3o com 62,4 pontos de 100 poss\u00edveis, nesta pontua\u00e7\u00e3o o pa\u00eds aparece acima da m\u00e9dia que \u00e9 de 55,4 pontos. Os 10 mais bem rankeados s\u00e3o:<\/p>\n<p>&nbsp;<\/p>\n<p>1\u00ba: Reino Unido \u2013 82,7 pontos;<\/p>\n<p>2\u00ba Su\u00e9cia \u2013 81,5 pontos;<\/p>\n<p>3\u00ba Canad\u00e1 \u2013 75,3 pontos;<\/p>\n<p>4\u00ba Austr\u00e1lia \u2013 74,9 pontos;<\/p>\n<p>5\u00ba Estados Unidos \u2013 73,7 pontos;<\/p>\n<p>6\u00ba Alemanha \u2013 73,1 pontos;<\/p>\n<p>7\u00ba Cor\u00e9ia do Sul \u2013 71,6 pontos;<\/p>\n<p>8\u00ba It\u00e1lia \u2013 69,7 pontos;<\/p>\n<p>9\u00ba Fran\u00e7a \u2013 65,2 pontos;<\/p>\n<p>10\u00ba Jap\u00e3o \u2013 63,8 pontos;<\/p>\n<p>&nbsp;<\/p>\n<p>&nbsp;<\/p>\n","protected":false},"excerpt":{"rendered":"<p>Os vereadores Andr\u00e9 Mariano (PSC) e J\u00falio Obama (PHS), elaboraram um Projeto de Lei para instaurar o \u201cMaio Laranja\u201d, objetivo \u00e9 orientar e fortalecer o combate ao abuso e \u00e0 explora\u00e7\u00e3o sexual de crian\u00e7as e adolescentes. Durante o m\u00eas de maio, ser\u00e3o feitas a\u00e7\u00f5es de conscientiza\u00e7\u00e3o contra viol\u00eancia sexual, palestras, eventos e atividades educativas. Al\u00e9m [&hellip;]<\/p>\n","protected":false},"author":96,"featured_media":152095,"comment_status":"closed","ping_status":"closed","sticky":false,"template":"","format":"standard","meta":{"footnotes":""},"categories":[253,436,440,439],"tags":[],"class_list":["post-152094","post","type-post","status-publish","format-standard","has-post-thumbnail","hentry","category-cidade","category-destaque-da-semana","category-destaques-do-dia","category-ultima-hora"],"_links":{"self":[{"href":"https:\/\/diarioregionaldigital.com.br\/index.php?rest_route=\/wp\/v2\/posts\/152094","targetHints":{"allow":["GET"]}}],"collection":[{"href":"https:\/\/diarioregionaldigital.com.br\/index.php?rest_route=\/wp\/v2\/posts"}],"about":[{"href":"https:\/\/diarioregionaldigital.com.br\/index.php?rest_route=\/wp\/v2\/types\/post"}],"author":[{"embeddable":true,"href":"https:\/\/diarioregionaldigital.com.br\/index.php?rest_route=\/wp\/v2\/users\/96"}],"replies":[{"embeddable":true,"href":"https:\/\/diarioregionaldigital.com.br\/index.php?rest_route=%2Fwp%2Fv2%2Fcomments&post=152094"}],"version-history":[{"count":0,"href":"https:\/\/diarioregionaldigital.com.br\/index.php?rest_route=\/wp\/v2\/posts\/152094\/revisions"}],"wp:featuredmedia":[{"embeddable":true,"href":"https:\/\/diarioregionaldigital.com.br\/index.php?rest_route=\/wp\/v2\/media\/152095"}],"wp:attachment":[{"href":"https:\/\/diarioregionaldigital.com.br\/index.php?rest_route=%2Fwp%2Fv2%2Fmedia&parent=152094"}],"wp:term":[{"taxonomy":"category","embeddable":true,"href":"https:\/\/diarioregionaldigital.com.br\/index.php?rest_route=%2Fwp%2Fv2%2Fcategories&post=152094"},{"taxonomy":"post_tag","embeddable":true,"href":"https:\/\/diarioregionaldigital.com.br\/index.php?rest_route=%2Fwp%2Fv2%2Ftags&post=152094"}],"curies":[{"name":"wp","href":"https:\/\/api.w.org\/{rel}","templated":true}]}}