{"id":152092,"date":"2019-12-02T16:07:32","date_gmt":"2019-12-02T18:07:32","guid":{"rendered":"https:\/\/diarioregionaldigital.com.br\/?p=152092"},"modified":"2019-12-02T16:07:32","modified_gmt":"2019-12-02T18:07:32","slug":"pjf-define-forma-de-pagamento-do-13o-salario-dos-servidores","status":"publish","type":"post","link":"https:\/\/diarioregionaldigital.com.br\/?p=152092","title":{"rendered":"PJF define forma de pagamento do 13\u00ba sal\u00e1rio dos servidores"},"content":{"rendered":"<p>Os servidores da Prefeitura de Juiz de Fora (PJF) receber\u00e3o o 13\u00ba sal\u00e1rio, em parcela \u00fanica, na segunda quinzena de janeiro de 2020. O an\u00fancio foi feito pelo prefeito Ant\u00f4nio Almas. \u201cReceberemos recursos no in\u00edcio do ano, como o IPTU e, desta forma, conseguimos encontrar uma equa\u00e7\u00e3o para 2020 melhor do que a que encontramos em 2019\u201d.<\/p>\n<p>O prefeito ressalta, entretanto, \u201cque as dificuldades financeiras ainda est\u00e3o colocadas. A situa\u00e7\u00e3o financeira n\u00e3o mudou para os munic\u00edpios. Este ano tivemos uma melhora, pois o Estado regularizou os repasses \u00e0s prefeituras a partir de fevereiro. Mas os atrasados de janeiro, por exemplo, somam R$ 18 milh\u00f5es, que correspondem a quase metade da nossa folha salarial mensal e da folha do 13\u00ba. \u00c9 uma situa\u00e7\u00e3o que traz dificuldades ao longo do ano\u201d, ressaltou Almas.<\/p>\n<p>Almas tamb\u00e9m confirmou que os pagamentos dos meses de novembro e dezembro ser\u00e3o feitos no quinto dia \u00fatil do m\u00eas subsequente, ou seja, 6 de dezembro e 8 de janeiro. O fluxo financeiro da PJF segue sendo monitorado permanentemente pelas equipes t\u00e9cnicas da Administra\u00e7\u00e3o Municipal, visando o equil\u00edbrio fiscal do Munic\u00edpio.<\/p>\n<p>&nbsp;<\/p>\n<p><strong>Fonte:<\/strong> Assessoria<\/p>\n","protected":false},"excerpt":{"rendered":"<p>Os servidores da Prefeitura de Juiz de Fora (PJF) receber\u00e3o o 13\u00ba sal\u00e1rio, em parcela \u00fanica, na segunda quinzena de janeiro de 2020. O an\u00fancio foi feito pelo prefeito Ant\u00f4nio Almas. \u201cReceberemos recursos no in\u00edcio do ano, como o IPTU e, desta forma, conseguimos encontrar uma equa\u00e7\u00e3o para 2020 melhor do que a que encontramos [&hellip;]<\/p>\n","protected":false},"author":96,"featured_media":151865,"comment_status":"closed","ping_status":"closed","sticky":false,"template":"","format":"standard","meta":{"footnotes":""},"categories":[253,436,440,439],"tags":[312],"class_list":["post-152092","post","type-post","status-publish","format-standard","has-post-thumbnail","hentry","category-cidade","category-destaque-da-semana","category-destaques-do-dia","category-ultima-hora","tag-juiz-de-fora"],"_links":{"self":[{"href":"https:\/\/diarioregionaldigital.com.br\/index.php?rest_route=\/wp\/v2\/posts\/152092","targetHints":{"allow":["GET"]}}],"collection":[{"href":"https:\/\/diarioregionaldigital.com.br\/index.php?rest_route=\/wp\/v2\/posts"}],"about":[{"href":"https:\/\/diarioregionaldigital.com.br\/index.php?rest_route=\/wp\/v2\/types\/post"}],"author":[{"embeddable":true,"href":"https:\/\/diarioregionaldigital.com.br\/index.php?rest_route=\/wp\/v2\/users\/96"}],"replies":[{"embeddable":true,"href":"https:\/\/diarioregionaldigital.com.br\/index.php?rest_route=%2Fwp%2Fv2%2Fcomments&post=152092"}],"version-history":[{"count":0,"href":"https:\/\/diarioregionaldigital.com.br\/index.php?rest_route=\/wp\/v2\/posts\/152092\/revisions"}],"wp:featuredmedia":[{"embeddable":true,"href":"https:\/\/diarioregionaldigital.com.br\/index.php?rest_route=\/wp\/v2\/media\/151865"}],"wp:attachment":[{"href":"https:\/\/diarioregionaldigital.com.br\/index.php?rest_route=%2Fwp%2Fv2%2Fmedia&parent=152092"}],"wp:term":[{"taxonomy":"category","embeddable":true,"href":"https:\/\/diarioregionaldigital.com.br\/index.php?rest_route=%2Fwp%2Fv2%2Fcategories&post=152092"},{"taxonomy":"post_tag","embeddable":true,"href":"https:\/\/diarioregionaldigital.com.br\/index.php?rest_route=%2Fwp%2Fv2%2Ftags&post=152092"}],"curies":[{"name":"wp","href":"https:\/\/api.w.org\/{rel}","templated":true}]}}