{"id":152089,"date":"2019-12-02T15:50:28","date_gmt":"2019-12-02T17:50:28","guid":{"rendered":"https:\/\/diarioregionaldigital.com.br\/?p=152089"},"modified":"2019-12-02T15:50:51","modified_gmt":"2019-12-02T17:50:51","slug":"4-027-candidatos-se-ausentam-no-pism-2020","status":"publish","type":"post","link":"https:\/\/diarioregionaldigital.com.br\/?p=152089","title":{"rendered":"4.027 candidatos se ausentam no PISM 2020"},"content":{"rendered":"<p>Nesse \u00faltimo fim de semana, estudantes de Juiz de Fora e de outras cidades, realizaram a prova do Programa de Ingresso Seletivo Misto (PISM) 2020. Segundo dados da Universidade Federal de Juiz de Fora (UFJF), a edi\u00e7\u00e3o deste ano contou com um total de 40.126 candidatos, representando aumento de 15% em rela\u00e7\u00e3o ao ano anterior que foi de 34.743 inscritos.<\/p>\n<p>No entanto, o processo seletivo teve 4.027 candidatos ausentes, representando um percentual de 10,03%. O m\u00f3dulo I foi o que teve maior n\u00famero de faltosos, com 2.582 de um total de 20.427 participantes ou 12,64%. J\u00e1 o m\u00f3dulo II foi o que teve menor \u00edndice, com 678 de estudantes ausentes de um total de 12.170 inscritos ou 5,57%. Para o m\u00f3dulo III, a UFJF registrou aus\u00eancia de 767 dos 7.549 candidatos, o \u00edndice representa 10,03% de faltosos<\/p>\n<p>Segundo dados da UJF, entre os outros munic\u00edpios que tamb\u00e9m realizaram o exame, a cidade de Petr\u00f3polis foi a que teve a maior taxa de ausentes, 11,76%, representando 433 dos 3.681 inscritos. Em seguida vem Muria\u00e9 com 4.433 inscritos, sendo que 467 estudantes n\u00e3o estiveram presentes, representando percentual de 10,53%. Em Volta Redonda e Governador Valadares, a taxa foi de 8,94% e 8,95% respectivamente. A cidade mineira teve 5.152 participantes do exame, com 462 ausentes. J\u00e1 a \u201cCidade do A\u00e7o\u201d teve 233 faltosos de um total de 2.607 estudantes inscritos.<\/p>\n<p>&nbsp;<\/p>\n<p><strong>Notas e gabarito<\/strong><\/p>\n<p>Os candidatos podem acessar \u00e0s notas e o gabarito pelo site www2.ufjf.br\/copese. Os recursos sobre as quest\u00f5es das provas podem ser protocolados at\u00e9 \u00e0s 16h:00 na Central de Atendimento da UFJF ou pelo email vestibular@ufjf.edu.br. O resultado dos recursos e o gabarito oficial ser\u00e3o divulgados nesta sexta-feira (6), tamb\u00e9m pelo site da Coordena\u00e7\u00e3o Geral de Processos Seletivos (Copese) e a rela\u00e7\u00e3o de candidato por vaga do m\u00f3dulo III j\u00e1 est\u00e1 dispon\u00edvel.<\/p>\n<p>As notas do PISM III ser\u00e3o divulgadas no dia 7 de janeiro de 2020 e o resultado final est\u00e1 previsto para estar disponibilizado no dia 16 do mesmo m\u00eas. J\u00e1 os candidatos dos m\u00f3dulos I e II podem acessar as suas notas no dia 10 de mar\u00e7o, com resultado final previsto para o dia 18.<\/p>\n","protected":false},"excerpt":{"rendered":"<p>Nesse \u00faltimo fim de semana, estudantes de Juiz de Fora e de outras cidades, realizaram a prova do Programa de Ingresso Seletivo Misto (PISM) 2020. Segundo dados da Universidade Federal de Juiz de Fora (UFJF), a edi\u00e7\u00e3o deste ano contou com um total de 40.126 candidatos, representando aumento de 15% em rela\u00e7\u00e3o ao ano anterior [&hellip;]<\/p>\n","protected":false},"author":96,"featured_media":151587,"comment_status":"closed","ping_status":"closed","sticky":false,"template":"","format":"standard","meta":{"footnotes":""},"categories":[253,436,440,439],"tags":[],"class_list":["post-152089","post","type-post","status-publish","format-standard","has-post-thumbnail","hentry","category-cidade","category-destaque-da-semana","category-destaques-do-dia","category-ultima-hora"],"_links":{"self":[{"href":"https:\/\/diarioregionaldigital.com.br\/index.php?rest_route=\/wp\/v2\/posts\/152089","targetHints":{"allow":["GET"]}}],"collection":[{"href":"https:\/\/diarioregionaldigital.com.br\/index.php?rest_route=\/wp\/v2\/posts"}],"about":[{"href":"https:\/\/diarioregionaldigital.com.br\/index.php?rest_route=\/wp\/v2\/types\/post"}],"author":[{"embeddable":true,"href":"https:\/\/diarioregionaldigital.com.br\/index.php?rest_route=\/wp\/v2\/users\/96"}],"replies":[{"embeddable":true,"href":"https:\/\/diarioregionaldigital.com.br\/index.php?rest_route=%2Fwp%2Fv2%2Fcomments&post=152089"}],"version-history":[{"count":0,"href":"https:\/\/diarioregionaldigital.com.br\/index.php?rest_route=\/wp\/v2\/posts\/152089\/revisions"}],"wp:featuredmedia":[{"embeddable":true,"href":"https:\/\/diarioregionaldigital.com.br\/index.php?rest_route=\/wp\/v2\/media\/151587"}],"wp:attachment":[{"href":"https:\/\/diarioregionaldigital.com.br\/index.php?rest_route=%2Fwp%2Fv2%2Fmedia&parent=152089"}],"wp:term":[{"taxonomy":"category","embeddable":true,"href":"https:\/\/diarioregionaldigital.com.br\/index.php?rest_route=%2Fwp%2Fv2%2Fcategories&post=152089"},{"taxonomy":"post_tag","embeddable":true,"href":"https:\/\/diarioregionaldigital.com.br\/index.php?rest_route=%2Fwp%2Fv2%2Ftags&post=152089"}],"curies":[{"name":"wp","href":"https:\/\/api.w.org\/{rel}","templated":true}]}}