{"id":152066,"date":"2019-12-01T06:00:19","date_gmt":"2019-12-01T08:00:19","guid":{"rendered":"https:\/\/diarioregionaldigital.com.br\/?p=152066"},"modified":"2019-11-30T04:52:07","modified_gmt":"2019-11-30T06:52:07","slug":"152066","status":"publish","type":"post","link":"https:\/\/diarioregionaldigital.com.br\/?p=152066","title":{"rendered":"Boa A\u00e7\u00e3o"},"content":{"rendered":"<p style=\"text-align: center;\"><strong>Arte <\/strong><\/p>\n<p style=\"text-align: center;\">Juntando prop\u00f3sitos sadios para a arte e a cultura, o Primeiro Plano-Festival de Cinema de Juiz de Fora e Mercocidades reabriu as inscri\u00e7\u00f5es para as oficinas tem\u00e1ticas da edi\u00e7\u00e3o deste ano. Atividades come\u00e7am no dia 03 em diversos locais da cidade com 75 vagas.<\/p>\n<p style=\"text-align: center;\"><strong>Lan\u00e7amento <\/strong><\/p>\n<p style=\"text-align: center;\">Antenado e convicto de seu talento, Marilho Dornelas usou como cen\u00e1rio a Sociedade de Medicina e Cirurgia de Juiz de Fora para a noite de aut\u00f3grafos de seu livro em comemora\u00e7\u00e3o aos 25 anos de servi\u00e7os de cirurgia pl\u00e1stica no HU.<\/p>\n<p style=\"text-align: center;\"><strong>Boa Atitude<\/strong><\/p>\n<p style=\"text-align: center;\">Tradicional reduto de ensino em Juiz de Fora, o Col\u00e9gio Santa Catarina arrecadou mais de um milh\u00e3o de lacres, que ser\u00e3o revertidos em tr\u00eas cadeiras de rodas para os idosos do Abrigo Santa Helena.<\/p>\n<p style=\"text-align: center;\"><strong>Boa A\u00e7\u00e3o<\/strong><\/p>\n<p style=\"text-align: center;\">Com a aproxima\u00e7\u00e3o do Natal quando os cora\u00e7\u00f5es ficam sens\u00edveis, os alunos de Design de Moda, da Est\u00e1cio confeccionaram lindas guirlandas sustent\u00e1veis em prol da Casa do Caminho, Ascomcer e Abrigo Santa Helena. Com orienta\u00e7\u00e3o da professora Aline Firjam, as pe\u00e7as est\u00e3o a venda no Spazio Design.<\/p>\n<p style=\"text-align: center;\"><strong>Vem Ver\u00e3o:<\/strong> Para desembolar siga: &#8230;.a Feira Brasileira Gestante &amp; Beb\u00ea no MHall&#8230; a exposi\u00e7\u00e3o de Tadeu Mattoso e Adriana Lopes no Granbery&#8230; Missa do Imposs\u00edvel dia 17 no Sport Clube Juiz de Fora&#8230; vai dar praia com as sungas da loja M.Marques&#8230; o encontro marcado no dia 7, para o n\u00edver de Kim Lima no Queens&#8230;.no pulso o rel\u00f3gio da vez Cartier&#8230;. perfume Polo&#8230; e ser delicada usando maxij\u00f3ias e salto alto para a noite!!!<\/p>\n<div id=\"attachment_152010\" style=\"width: 690px\" class=\"wp-caption aligncenter\"><img loading=\"lazy\" decoding=\"async\" aria-describedby=\"caption-attachment-152010\" class=\"wp-image-152010\" src=\"https:\/\/diarioregionaldigital.com.br\/wp-content\/uploads\/2019\/11\/fotoaa-8-e1575096091589.jpg\" alt=\"\" width=\"680\" height=\"511\" srcset=\"https:\/\/diarioregionaldigital.com.br\/wp-content\/uploads\/2019\/11\/fotoaa-8-e1575096091589.jpg 868w, https:\/\/diarioregionaldigital.com.br\/wp-content\/uploads\/2019\/11\/fotoaa-8-e1575096091589-300x225.jpg 300w, https:\/\/diarioregionaldigital.com.br\/wp-content\/uploads\/2019\/11\/fotoaa-8-e1575096091589-768x577.jpg 768w, https:\/\/diarioregionaldigital.com.br\/wp-content\/uploads\/2019\/11\/fotoaa-8-e1575096091589-360x270.jpg 360w\" sizes=\"auto, (max-width: 680px) 100vw, 680px\" \/><p id=\"caption-attachment-152010\" class=\"wp-caption-text\">O simples assim de Thiago Guimar\u00e3es no Castelo de Itaipava<\/p><\/div>\n<div id=\"attachment_152011\" style=\"width: 690px\" class=\"wp-caption aligncenter\"><img loading=\"lazy\" decoding=\"async\" aria-describedby=\"caption-attachment-152011\" class=\"wp-image-152011\" src=\"https:\/\/diarioregionaldigital.com.br\/wp-content\/uploads\/2019\/11\/fotob-17-e1575096122328.jpg\" alt=\"\" width=\"680\" height=\"534\" srcset=\"https:\/\/diarioregionaldigital.com.br\/wp-content\/uploads\/2019\/11\/fotob-17-e1575096122328.jpg 1168w, https:\/\/diarioregionaldigital.com.br\/wp-content\/uploads\/2019\/11\/fotob-17-e1575096122328-300x236.jpg 300w, https:\/\/diarioregionaldigital.com.br\/wp-content\/uploads\/2019\/11\/fotob-17-e1575096122328-768x603.jpg 768w, https:\/\/diarioregionaldigital.com.br\/wp-content\/uploads\/2019\/11\/fotob-17-e1575096122328-1024x804.jpg 1024w, https:\/\/diarioregionaldigital.com.br\/wp-content\/uploads\/2019\/11\/fotob-17-e1575096122328-360x283.jpg 360w\" sizes=\"auto, (max-width: 680px) 100vw, 680px\" \/><p id=\"caption-attachment-152011\" class=\"wp-caption-text\">O charme de Emiliana C\u00e2ndido, pelas noites de Juiz de Fora<\/p><\/div>\n<div id=\"attachment_152012\" style=\"width: 690px\" class=\"wp-caption aligncenter\"><img loading=\"lazy\" decoding=\"async\" aria-describedby=\"caption-attachment-152012\" class=\"wp-image-152012\" src=\"https:\/\/diarioregionaldigital.com.br\/wp-content\/uploads\/2019\/11\/fotoc-17-e1575096167863.jpg\" alt=\"\" width=\"680\" height=\"547\" srcset=\"https:\/\/diarioregionaldigital.com.br\/wp-content\/uploads\/2019\/11\/fotoc-17-e1575096167863.jpg 1162w, https:\/\/diarioregionaldigital.com.br\/wp-content\/uploads\/2019\/11\/fotoc-17-e1575096167863-300x241.jpg 300w, https:\/\/diarioregionaldigital.com.br\/wp-content\/uploads\/2019\/11\/fotoc-17-e1575096167863-768x617.jpg 768w, https:\/\/diarioregionaldigital.com.br\/wp-content\/uploads\/2019\/11\/fotoc-17-e1575096167863-1024x823.jpg 1024w, https:\/\/diarioregionaldigital.com.br\/wp-content\/uploads\/2019\/11\/fotoc-17-e1575096167863-360x289.jpg 360w\" sizes=\"auto, (max-width: 680px) 100vw, 680px\" \/><p id=\"caption-attachment-152012\" class=\"wp-caption-text\">Buscando novos rumos para Juiz de Fora, o l\u00edder da SINTEAC, S\u00e9rgio F\u00e9lix<\/p><\/div>\n<div id=\"attachment_152013\" style=\"width: 690px\" class=\"wp-caption aligncenter\"><img loading=\"lazy\" decoding=\"async\" aria-describedby=\"caption-attachment-152013\" class=\"wp-image-152013\" src=\"https:\/\/diarioregionaldigital.com.br\/wp-content\/uploads\/2019\/11\/fotod-17-e1575096199364.jpg\" alt=\"\" width=\"680\" height=\"525\" srcset=\"https:\/\/diarioregionaldigital.com.br\/wp-content\/uploads\/2019\/11\/fotod-17-e1575096199364.jpg 1168w, https:\/\/diarioregionaldigital.com.br\/wp-content\/uploads\/2019\/11\/fotod-17-e1575096199364-300x232.jpg 300w, https:\/\/diarioregionaldigital.com.br\/wp-content\/uploads\/2019\/11\/fotod-17-e1575096199364-768x593.jpg 768w, https:\/\/diarioregionaldigital.com.br\/wp-content\/uploads\/2019\/11\/fotod-17-e1575096199364-1024x791.jpg 1024w, https:\/\/diarioregionaldigital.com.br\/wp-content\/uploads\/2019\/11\/fotod-17-e1575096199364-360x278.jpg 360w\" sizes=\"auto, (max-width: 680px) 100vw, 680px\" \/><p id=\"caption-attachment-152013\" class=\"wp-caption-text\">Mulheres de samba mostrando charme no Privilaje: Lily Moreira e Orneides Lima<\/p><\/div>\n<div id=\"attachment_152014\" style=\"width: 690px\" class=\"wp-caption aligncenter\"><img loading=\"lazy\" decoding=\"async\" aria-describedby=\"caption-attachment-152014\" class=\"wp-image-152014\" src=\"https:\/\/diarioregionaldigital.com.br\/wp-content\/uploads\/2019\/11\/fotoe-17.jpg\" alt=\"\" width=\"680\" height=\"453\" srcset=\"https:\/\/diarioregionaldigital.com.br\/wp-content\/uploads\/2019\/11\/fotoe-17.jpg 1763w, https:\/\/diarioregionaldigital.com.br\/wp-content\/uploads\/2019\/11\/fotoe-17-300x200.jpg 300w, https:\/\/diarioregionaldigital.com.br\/wp-content\/uploads\/2019\/11\/fotoe-17-768x512.jpg 768w, https:\/\/diarioregionaldigital.com.br\/wp-content\/uploads\/2019\/11\/fotoe-17-1024x682.jpg 1024w, https:\/\/diarioregionaldigital.com.br\/wp-content\/uploads\/2019\/11\/fotoe-17-360x240.jpg 360w\" sizes=\"auto, (max-width: 680px) 100vw, 680px\" \/><p id=\"caption-attachment-152014\" class=\"wp-caption-text\">No Aeroporto, os amigos Carolina Peixoto e Eduardo Gomes<\/p><\/div>\n<div id=\"attachment_152015\" style=\"width: 690px\" class=\"wp-caption aligncenter\"><img loading=\"lazy\" decoding=\"async\" aria-describedby=\"caption-attachment-152015\" class=\"wp-image-152015\" src=\"https:\/\/diarioregionaldigital.com.br\/wp-content\/uploads\/2019\/11\/fotof-17-e1575096287837.jpg\" alt=\"\" width=\"680\" height=\"517\" srcset=\"https:\/\/diarioregionaldigital.com.br\/wp-content\/uploads\/2019\/11\/fotof-17-e1575096287837.jpg 1162w, https:\/\/diarioregionaldigital.com.br\/wp-content\/uploads\/2019\/11\/fotof-17-e1575096287837-300x228.jpg 300w, https:\/\/diarioregionaldigital.com.br\/wp-content\/uploads\/2019\/11\/fotof-17-e1575096287837-768x584.jpg 768w, https:\/\/diarioregionaldigital.com.br\/wp-content\/uploads\/2019\/11\/fotof-17-e1575096287837-1024x778.jpg 1024w, https:\/\/diarioregionaldigital.com.br\/wp-content\/uploads\/2019\/11\/fotof-17-e1575096287837-360x274.jpg 360w\" sizes=\"auto, (max-width: 680px) 100vw, 680px\" \/><p id=\"caption-attachment-152015\" class=\"wp-caption-text\">Lindos amigos no Alto Eldorado, Helenise Machado e Fred Alvim<\/p><\/div>\n<div id=\"attachment_152016\" style=\"width: 690px\" class=\"wp-caption aligncenter\"><img loading=\"lazy\" decoding=\"async\" aria-describedby=\"caption-attachment-152016\" class=\"wp-image-152016\" src=\"https:\/\/diarioregionaldigital.com.br\/wp-content\/uploads\/2019\/11\/fotog-19.jpg\" alt=\"\" width=\"680\" height=\"384\" srcset=\"https:\/\/diarioregionaldigital.com.br\/wp-content\/uploads\/2019\/11\/fotog-19.jpg 1763w, https:\/\/diarioregionaldigital.com.br\/wp-content\/uploads\/2019\/11\/fotog-19-300x169.jpg 300w, https:\/\/diarioregionaldigital.com.br\/wp-content\/uploads\/2019\/11\/fotog-19-768x433.jpg 768w, https:\/\/diarioregionaldigital.com.br\/wp-content\/uploads\/2019\/11\/fotog-19-1024x578.jpg 1024w, https:\/\/diarioregionaldigital.com.br\/wp-content\/uploads\/2019\/11\/fotog-19-360x203.jpg 360w\" sizes=\"auto, (max-width: 680px) 100vw, 680px\" \/><p id=\"caption-attachment-152016\" class=\"wp-caption-text\">Durante festa badalada no Bar do Trade Hotel, Sonia Zouin, Beth Ank, Carlos Barbosa e Fabiano Garcia<\/p><\/div>\n<div id=\"attachment_152017\" style=\"width: 690px\" class=\"wp-caption aligncenter\"><img loading=\"lazy\" decoding=\"async\" aria-describedby=\"caption-attachment-152017\" class=\"wp-image-152017\" src=\"https:\/\/diarioregionaldigital.com.br\/wp-content\/uploads\/2019\/11\/fotoh-16-e1575096327645.jpg\" alt=\"\" width=\"680\" height=\"574\" srcset=\"https:\/\/diarioregionaldigital.com.br\/wp-content\/uploads\/2019\/11\/fotoh-16-e1575096327645.jpg 1165w, https:\/\/diarioregionaldigital.com.br\/wp-content\/uploads\/2019\/11\/fotoh-16-e1575096327645-300x253.jpg 300w, https:\/\/diarioregionaldigital.com.br\/wp-content\/uploads\/2019\/11\/fotoh-16-e1575096327645-768x648.jpg 768w, https:\/\/diarioregionaldigital.com.br\/wp-content\/uploads\/2019\/11\/fotoh-16-e1575096327645-1024x864.jpg 1024w, https:\/\/diarioregionaldigital.com.br\/wp-content\/uploads\/2019\/11\/fotoh-16-e1575096327645-360x304.jpg 360w\" sizes=\"auto, (max-width: 680px) 100vw, 680px\" \/><p id=\"caption-attachment-152017\" class=\"wp-caption-text\">Dono do ver\u00e3o em Miracema (RJ), o bonit\u00e3o Josean Pestana<\/p><\/div>\n<div id=\"attachment_152018\" style=\"width: 690px\" class=\"wp-caption aligncenter\"><img loading=\"lazy\" decoding=\"async\" aria-describedby=\"caption-attachment-152018\" class=\"wp-image-152018\" src=\"https:\/\/diarioregionaldigital.com.br\/wp-content\/uploads\/2019\/11\/fotoi-18.jpg\" alt=\"\" width=\"680\" height=\"407\" srcset=\"https:\/\/diarioregionaldigital.com.br\/wp-content\/uploads\/2019\/11\/fotoi-18.jpg 1754w, https:\/\/diarioregionaldigital.com.br\/wp-content\/uploads\/2019\/11\/fotoi-18-300x180.jpg 300w, https:\/\/diarioregionaldigital.com.br\/wp-content\/uploads\/2019\/11\/fotoi-18-768x460.jpg 768w, https:\/\/diarioregionaldigital.com.br\/wp-content\/uploads\/2019\/11\/fotoi-18-1024x613.jpg 1024w, https:\/\/diarioregionaldigital.com.br\/wp-content\/uploads\/2019\/11\/fotoi-18-360x216.jpg 360w\" sizes=\"auto, (max-width: 680px) 100vw, 680px\" \/><p id=\"caption-attachment-152018\" class=\"wp-caption-text\">Na Biblioteca Municipal, as formiguinhas culturais, Fatima Aguiar, Josylene Coelho, Ivanir Ferreira, Margareth Marinho, Nilza Rodrigues, Luisa Stheling<\/p><\/div>\n<div id=\"attachment_152019\" style=\"width: 690px\" class=\"wp-caption aligncenter\"><img loading=\"lazy\" decoding=\"async\" aria-describedby=\"caption-attachment-152019\" class=\"wp-image-152019\" src=\"https:\/\/diarioregionaldigital.com.br\/wp-content\/uploads\/2019\/11\/fotoj-12-e1575096360183.jpg\" alt=\"\" width=\"680\" height=\"499\" srcset=\"https:\/\/diarioregionaldigital.com.br\/wp-content\/uploads\/2019\/11\/fotoj-12-e1575096360183.jpg 1522w, https:\/\/diarioregionaldigital.com.br\/wp-content\/uploads\/2019\/11\/fotoj-12-e1575096360183-300x220.jpg 300w, https:\/\/diarioregionaldigital.com.br\/wp-content\/uploads\/2019\/11\/fotoj-12-e1575096360183-768x563.jpg 768w, https:\/\/diarioregionaldigital.com.br\/wp-content\/uploads\/2019\/11\/fotoj-12-e1575096360183-1024x751.jpg 1024w, https:\/\/diarioregionaldigital.com.br\/wp-content\/uploads\/2019\/11\/fotoj-12-e1575096360183-360x264.jpg 360w\" sizes=\"auto, (max-width: 680px) 100vw, 680px\" \/><p id=\"caption-attachment-152019\" class=\"wp-caption-text\">Sandra Portella recebe amanh\u00e3 (2), o t\u00edtulo de Cidad\u00e3 Benem\u00e9rita de JF e posou com, Kleiton, Edmar, Erika, V\u00f4 Tonho e Delma<\/p><\/div>\n<p style=\"text-align: center;\"><strong>FOTOSS\u00cdNTESE<\/strong><\/p>\n<p>Digno de todos os aplausos, a cantora Sandra Portella vai receber a honraria como Cidad\u00e3 Benem\u00e9rita de Juiz de Fora, na 2\u00aa feira (02) \u00e0s 19h30, no Plen\u00e1rio da C\u00e2mara Municipal de Juiz de Fora. A solicita\u00e7\u00e3o foi do vereador Wandersom Castelar. Hoje (1\u00ba) ela participa do dia do samba na Junventude Imperial.<\/p>\n<p>Em Belo Horizonte esta semana, v\u00e1rios prefeitos de cidades de Minas Gerais mobilizaram protesto contra extin\u00e7\u00e3o de munic\u00edpios.<\/p>\n<p>Foi inaugurado a 24\u00aa loja do Bahamas Mix em Juiz de Fora, localizado na Avenida Presidente Juscelino Kubitscheck no Bairro Francisco Bernardino. Fruto de R$ 20 milh\u00f5es em investimentos, o empreendimento vem em formato compacto com vendas no atacado e no varejo. (\u201catacarejo\u201d).<\/p>\n<p>Aten\u00e7\u00e3o: A campanha \u201cPapai Noel dos Correios\u201d, ampliou o hor\u00e1rio de funcionamento para ado\u00e7\u00e3o de cartinhas. Ser\u00e1 de 9hs \u00e0s 17h30, de segunda a sexta-feira.<br \/>\nSempre animado Ney Gerald ir\u00e1 participar no dia 21 de dezembro em Rio Pomba da Grande Roda de Samba de Gilmar Silva. Ser\u00e1 na quadra da APE.<\/p>\n<p>Com medalhistas ol\u00edmpicos, o Clube Bom Pastor terminou na quinta coloca\u00e7\u00e3o no Campeonato Master de 2019 realizado em Saquarema (RJ). A equipe contou com Badalhoca e Rui Campos, medalha de prata nas Olimp\u00edadas de Los Angeles, em 1984.<\/p>\n<p>Agendado para 08 dezembro em Juiz de Fora a final de futebol americano entre JF Imperadores e Galo FA. O local ainda n\u00e3o foi divulgado.<br \/>\nSegue em exposi\u00e7\u00e3o a mostra \u201cInspira, expira e Segue\u201d, reunindo 80 obras no Espa\u00e7o Reitoria\/ UFJF.<\/p>\n<p>Tha\u00eds de Landa Gon\u00e7alves passou e deu aqu\u00eale al\u00f4.<\/p>\n<p>Para conectar: H\u00e1 v\u00e1lvula de escape. A voz que parece eternamente se desculpar, tudo remete ao jovem que n\u00e3o quer ser rei. Bom dia.<\/p>\n<p><img loading=\"lazy\" decoding=\"async\" class=\"aligncenter size-full wp-image-152067\" src=\"https:\/\/diarioregionaldigital.com.br\/wp-content\/uploads\/2019\/11\/anuncio33.jpg\" alt=\"\" width=\"3504\" height=\"1320\" srcset=\"https:\/\/diarioregionaldigital.com.br\/wp-content\/uploads\/2019\/11\/anuncio33.jpg 3504w, https:\/\/diarioregionaldigital.com.br\/wp-content\/uploads\/2019\/11\/anuncio33-300x113.jpg 300w, https:\/\/diarioregionaldigital.com.br\/wp-content\/uploads\/2019\/11\/anuncio33-768x289.jpg 768w, https:\/\/diarioregionaldigital.com.br\/wp-content\/uploads\/2019\/11\/anuncio33-1024x386.jpg 1024w, https:\/\/diarioregionaldigital.com.br\/wp-content\/uploads\/2019\/11\/anuncio33-360x136.jpg 360w\" sizes=\"auto, (max-width: 3504px) 100vw, 3504px\" \/><\/p>\n","protected":false},"excerpt":{"rendered":"<p>Arte Juntando prop\u00f3sitos sadios para a arte e a cultura, o Primeiro Plano-Festival de Cinema de Juiz de Fora e Mercocidades reabriu as inscri\u00e7\u00f5es para as oficinas tem\u00e1ticas da edi\u00e7\u00e3o deste ano. Atividades come\u00e7am no dia 03 em diversos locais da cidade com 75 vagas. Lan\u00e7amento Antenado e convicto de seu talento, Marilho Dornelas usou [&hellip;]<\/p>\n","protected":false},"author":96,"featured_media":152010,"comment_status":"closed","ping_status":"closed","sticky":false,"template":"","format":"standard","meta":{"footnotes":""},"categories":[264],"tags":[],"class_list":["post-152066","post","type-post","status-publish","format-standard","has-post-thumbnail","hentry","category-eduardo-gomes"],"_links":{"self":[{"href":"https:\/\/diarioregionaldigital.com.br\/index.php?rest_route=\/wp\/v2\/posts\/152066","targetHints":{"allow":["GET"]}}],"collection":[{"href":"https:\/\/diarioregionaldigital.com.br\/index.php?rest_route=\/wp\/v2\/posts"}],"about":[{"href":"https:\/\/diarioregionaldigital.com.br\/index.php?rest_route=\/wp\/v2\/types\/post"}],"author":[{"embeddable":true,"href":"https:\/\/diarioregionaldigital.com.br\/index.php?rest_route=\/wp\/v2\/users\/96"}],"replies":[{"embeddable":true,"href":"https:\/\/diarioregionaldigital.com.br\/index.php?rest_route=%2Fwp%2Fv2%2Fcomments&post=152066"}],"version-history":[{"count":0,"href":"https:\/\/diarioregionaldigital.com.br\/index.php?rest_route=\/wp\/v2\/posts\/152066\/revisions"}],"wp:featuredmedia":[{"embeddable":true,"href":"https:\/\/diarioregionaldigital.com.br\/index.php?rest_route=\/wp\/v2\/media\/152010"}],"wp:attachment":[{"href":"https:\/\/diarioregionaldigital.com.br\/index.php?rest_route=%2Fwp%2Fv2%2Fmedia&parent=152066"}],"wp:term":[{"taxonomy":"category","embeddable":true,"href":"https:\/\/diarioregionaldigital.com.br\/index.php?rest_route=%2Fwp%2Fv2%2Fcategories&post=152066"},{"taxonomy":"post_tag","embeddable":true,"href":"https:\/\/diarioregionaldigital.com.br\/index.php?rest_route=%2Fwp%2Fv2%2Ftags&post=152066"}],"curies":[{"name":"wp","href":"https:\/\/api.w.org\/{rel}","templated":true}]}}