{"id":152044,"date":"2019-12-01T06:00:43","date_gmt":"2019-12-01T08:00:43","guid":{"rendered":"https:\/\/diarioregionaldigital.com.br\/?p=152044"},"modified":"2019-11-30T04:26:01","modified_gmt":"2019-11-30T06:26:01","slug":"prefeitura-municipal-de-tocantins-licitacao-no108-01-12-19","status":"publish","type":"post","link":"https:\/\/diarioregionaldigital.com.br\/?p=152044","title":{"rendered":"Prefeitura Municipal de Tocantins &#8211; Licita\u00e7\u00e3o n\u00ba108 &#8211; 01\/12\/19"},"content":{"rendered":"<p style=\"text-align: center;\"><strong>PREFEITURA MUNICIPAL DE TOCANTINS\/MG<\/strong><\/p>\n<p style=\"text-align: center;\"><strong>AVISO DE LICITA\u00c7\u00c3O<\/strong><\/p>\n<p style=\"text-align: center;\"><strong>Processo Licita\u00e7\u00e3o n\u00b0108\/2019<\/strong><\/p>\n<p style=\"text-align: center;\"><strong>Modalidade de Preg\u00e3o Presencial n\u00b0090\/2019<\/strong><\/p>\n<p style=\"text-align: center;\">O Munic\u00edpio de TOCANTINS\/MG, na forma da lei, faz saber a todos os interessados que far\u00e1 licita\u00e7\u00e3o na modalidade de PREG\u00c3O PRESENCIAL pelo sistema de REGISTRO DE PRE\u00c7O, tendo como objeto contrata\u00e7\u00e3o de empresa especializada em servi\u00e7o de MANUTEN\u00c7\u00c3O PREVENTIVA E CORRETIVA NAS COPIADORAS, IMPRESSORAS A LASER MATRICIAL E IMPRESSORA LASER JATO DE TINTA a fim de \u00a0atender as necessidades das Secretarias do \u00a0Munic\u00edpio de Tocantins\/MG, cuja\u00a0<strong>sess\u00e3o p\u00fablica se dar\u00e1 no dia 16\/12\/2019 as 08:00 horas\u00a0<\/strong>na sala da comiss\u00e3o de licita\u00e7\u00e3o, localizada na Av. Padre Mac\u00e1rio, n\u00b0 129, bairro Centro, Munic\u00edpio de TOCANTINS\/MG. O edital completo encontra-se a disposi\u00e7\u00e3o dos interessados no endere\u00e7o citado anteriormente, no hor\u00e1rio de expediente de 08:00 as 11:00 horas e das 13:00 as 16:00 horas. TOCANTINS\/MG, 29 de novembro de 2019.<\/p>\n<p style=\"text-align: center;\">________________________________________<\/p>\n<p style=\"text-align: center;\"><strong>Luiz Fernando da Silva Barbosa<\/strong><\/p>\n<p style=\"text-align: center;\"><strong>\u00a0Pregoeiro<\/strong><\/p>\n","protected":false},"excerpt":{"rendered":"<p>PREFEITURA MUNICIPAL DE TOCANTINS\/MG AVISO DE LICITA\u00c7\u00c3O Processo Licita\u00e7\u00e3o n\u00b0108\/2019 Modalidade de Preg\u00e3o Presencial n\u00b0090\/2019 O Munic\u00edpio de TOCANTINS\/MG, na forma da lei, faz saber a todos os interessados que far\u00e1 licita\u00e7\u00e3o na modalidade de PREG\u00c3O PRESENCIAL pelo sistema de REGISTRO DE PRE\u00c7O, tendo como objeto contrata\u00e7\u00e3o de empresa especializada em servi\u00e7o de MANUTEN\u00c7\u00c3O PREVENTIVA [&hellip;]<\/p>\n","protected":false},"author":96,"featured_media":0,"comment_status":"closed","ping_status":"closed","sticky":false,"template":"","format":"standard","meta":{"footnotes":""},"categories":[307],"tags":[],"class_list":["post-152044","post","type-post","status-publish","format-standard","hentry","category-editais"],"_links":{"self":[{"href":"https:\/\/diarioregionaldigital.com.br\/index.php?rest_route=\/wp\/v2\/posts\/152044","targetHints":{"allow":["GET"]}}],"collection":[{"href":"https:\/\/diarioregionaldigital.com.br\/index.php?rest_route=\/wp\/v2\/posts"}],"about":[{"href":"https:\/\/diarioregionaldigital.com.br\/index.php?rest_route=\/wp\/v2\/types\/post"}],"author":[{"embeddable":true,"href":"https:\/\/diarioregionaldigital.com.br\/index.php?rest_route=\/wp\/v2\/users\/96"}],"replies":[{"embeddable":true,"href":"https:\/\/diarioregionaldigital.com.br\/index.php?rest_route=%2Fwp%2Fv2%2Fcomments&post=152044"}],"version-history":[{"count":0,"href":"https:\/\/diarioregionaldigital.com.br\/index.php?rest_route=\/wp\/v2\/posts\/152044\/revisions"}],"wp:attachment":[{"href":"https:\/\/diarioregionaldigital.com.br\/index.php?rest_route=%2Fwp%2Fv2%2Fmedia&parent=152044"}],"wp:term":[{"taxonomy":"category","embeddable":true,"href":"https:\/\/diarioregionaldigital.com.br\/index.php?rest_route=%2Fwp%2Fv2%2Fcategories&post=152044"},{"taxonomy":"post_tag","embeddable":true,"href":"https:\/\/diarioregionaldigital.com.br\/index.php?rest_route=%2Fwp%2Fv2%2Ftags&post=152044"}],"curies":[{"name":"wp","href":"https:\/\/api.w.org\/{rel}","templated":true}]}}