{"id":152033,"date":"2019-11-29T13:35:22","date_gmt":"2019-11-29T15:35:22","guid":{"rendered":"https:\/\/diarioregionaldigital.com.br\/?p=152033"},"modified":"2019-11-29T13:35:22","modified_gmt":"2019-11-29T15:35:22","slug":"preco-da-cesta-basica-regional-tem-queda-de-231","status":"publish","type":"post","link":"https:\/\/diarioregionaldigital.com.br\/?p=152033","title":{"rendered":"Pre\u00e7o da cesta b\u00e1sica regional tem queda de 2,31%"},"content":{"rendered":"<p>A pesquisa semanal de pre\u00e7os realizada pela Secretaria de Desenvolvimento Econ\u00f4mico, Turismo e Agropecu\u00e1ria (Sedeta) da Prefeitura de Juiz de Fora (PJF), divulgada nesta quinta-feira, 28, revelou queda de 2,31% no pre\u00e7o da cesta b\u00e1sica regional. Com isso, o custo passou de R$ 348,94 para R$ 340,87. O valor atual representa 37,13% do sal\u00e1rio m\u00ednimo, o equivalente a 11 dias de trabalho.<\/p>\n<p>Considerando uma fam\u00edlia com quatro pessoas, sendo duas adultas e duas crian\u00e7as, e levando em conta a propor\u00e7\u00e3o de duas crian\u00e7as por uma pessoa adulta, o gasto ser\u00e1 de R$ 1.022,62, conforme c\u00e1lculo realizado pelo Departamento Intersindical de Estat\u00edsticas e Estudos Socioecon\u00f4micos (Dieese) e da Sedeta.<\/p>\n<p><b>Maiores altas:<\/b>\u00a0tomate (18,63%), fub\u00e1 (10,45%), farinha de trigo (6,67%)<\/p>\n<p><b>Maiores quedas:<\/b>\u00a0cebola (-13,45%), macarr\u00e3o espaguete (-10,91%), banana prata (-10,13%).<\/p>\n<p><strong>Fonte:\u00a0<\/strong>Assessoria<\/p>\n","protected":false},"excerpt":{"rendered":"<p>A pesquisa semanal de pre\u00e7os realizada pela Secretaria de Desenvolvimento Econ\u00f4mico, Turismo e Agropecu\u00e1ria (Sedeta) da Prefeitura de Juiz de Fora (PJF), divulgada nesta quinta-feira, 28, revelou queda de 2,31% no pre\u00e7o da cesta b\u00e1sica regional. Com isso, o custo passou de R$ 348,94 para R$ 340,87. O valor atual representa 37,13% do sal\u00e1rio m\u00ednimo, [&hellip;]<\/p>\n","protected":false},"author":96,"featured_media":151284,"comment_status":"closed","ping_status":"closed","sticky":false,"template":"","format":"standard","meta":{"footnotes":""},"categories":[253,436,439],"tags":[],"class_list":["post-152033","post","type-post","status-publish","format-standard","has-post-thumbnail","hentry","category-cidade","category-destaque-da-semana","category-ultima-hora"],"_links":{"self":[{"href":"https:\/\/diarioregionaldigital.com.br\/index.php?rest_route=\/wp\/v2\/posts\/152033","targetHints":{"allow":["GET"]}}],"collection":[{"href":"https:\/\/diarioregionaldigital.com.br\/index.php?rest_route=\/wp\/v2\/posts"}],"about":[{"href":"https:\/\/diarioregionaldigital.com.br\/index.php?rest_route=\/wp\/v2\/types\/post"}],"author":[{"embeddable":true,"href":"https:\/\/diarioregionaldigital.com.br\/index.php?rest_route=\/wp\/v2\/users\/96"}],"replies":[{"embeddable":true,"href":"https:\/\/diarioregionaldigital.com.br\/index.php?rest_route=%2Fwp%2Fv2%2Fcomments&post=152033"}],"version-history":[{"count":0,"href":"https:\/\/diarioregionaldigital.com.br\/index.php?rest_route=\/wp\/v2\/posts\/152033\/revisions"}],"wp:featuredmedia":[{"embeddable":true,"href":"https:\/\/diarioregionaldigital.com.br\/index.php?rest_route=\/wp\/v2\/media\/151284"}],"wp:attachment":[{"href":"https:\/\/diarioregionaldigital.com.br\/index.php?rest_route=%2Fwp%2Fv2%2Fmedia&parent=152033"}],"wp:term":[{"taxonomy":"category","embeddable":true,"href":"https:\/\/diarioregionaldigital.com.br\/index.php?rest_route=%2Fwp%2Fv2%2Fcategories&post=152033"},{"taxonomy":"post_tag","embeddable":true,"href":"https:\/\/diarioregionaldigital.com.br\/index.php?rest_route=%2Fwp%2Fv2%2Ftags&post=152033"}],"curies":[{"name":"wp","href":"https:\/\/api.w.org\/{rel}","templated":true}]}}