{"id":152027,"date":"2019-11-29T13:27:09","date_gmt":"2019-11-29T15:27:09","guid":{"rendered":"https:\/\/diarioregionaldigital.com.br\/?p=152027"},"modified":"2019-11-29T13:27:09","modified_gmt":"2019-11-29T15:27:09","slug":"pjf-fara-plantao-no-sabado-para-atender-contribuintes-interessados-na-lei-de-anistia","status":"publish","type":"post","link":"https:\/\/diarioregionaldigital.com.br\/?p=152027","title":{"rendered":"PJF far\u00e1 plant\u00e3o no s\u00e1bado para atender contribuintes interessados na \u201cLei de Anistia\u201d"},"content":{"rendered":"<p>Para ampliar a possibilidade de ades\u00e3o aos benef\u00edcios da &#8220;Lei de Anistia&#8221;, a Prefeitura de Juiz de Fora (PJF) far\u00e1 plant\u00e3o no s\u00e1bado, 30, com atendimento aos contribuintes, das 8 \u00e0s 18 horas. Na mesma data termina o prazo para os que t\u00eam d\u00e9bito tribut\u00e1rio ou n\u00e3o tribut\u00e1rio inscrito na d\u00edvida ativa solicitarem descontos de 100% na multa de mora e nos juros de mora para pagamento em duas parcelas, ou de 50% na multa de mora e nos juros de mora para pagamento em 11 vezes.<\/p>\n<p>Os interessados em requerer os descontos dever\u00e3o procurar o posto de atendimento, na entrada lateral do Espa\u00e7o Cidad\u00e3o JF, entre os pr\u00e9dios da Funda\u00e7\u00e3o Cultural \u201cAlfredo Ferreira Lage\u201d (Funalfa) e da C\u00e2mara Municipal, no Parque Halfeld, munido de documentos pessoais e do n\u00famero da inscri\u00e7\u00e3o referente ao d\u00e9bito. A \u201cLei de Anistia\u201d permite tamb\u00e9m redu\u00e7\u00e3o na multa de mora e nos juros de mora para pagamento \u00e0 vista, com 100% de desconto, ou em dez parcelas, com 50% de desconto, desde que requerido at\u00e9 20 de dezembro.<\/p>\n<p>Al\u00e9m disso, as multas de tr\u00e2nsito inscritas na d\u00edvida ativa do Munic\u00edpio poder\u00e3o ser quitadas com redu\u00e7\u00e3o de 80% na multa de mora e de 100% nos juros de mora. Nesse caso, o pagamento dever\u00e1 ser \u00e0 vista, e o contribuinte precisa requerer o benef\u00edcio tamb\u00e9m at\u00e9 20 de dezembro.<\/p>\n<p>&nbsp;<\/p>\n<p><strong>Fonte:\u00a0<\/strong>Assessoria<\/p>\n","protected":false},"excerpt":{"rendered":"<p>Para ampliar a possibilidade de ades\u00e3o aos benef\u00edcios da &#8220;Lei de Anistia&#8221;, a Prefeitura de Juiz de Fora (PJF) far\u00e1 plant\u00e3o no s\u00e1bado, 30, com atendimento aos contribuintes, das 8 \u00e0s 18 horas. Na mesma data termina o prazo para os que t\u00eam d\u00e9bito tribut\u00e1rio ou n\u00e3o tribut\u00e1rio inscrito na d\u00edvida ativa solicitarem descontos de [&hellip;]<\/p>\n","protected":false},"author":96,"featured_media":151783,"comment_status":"closed","ping_status":"closed","sticky":false,"template":"","format":"standard","meta":{"footnotes":""},"categories":[253,436,440,439],"tags":[],"class_list":["post-152027","post","type-post","status-publish","format-standard","has-post-thumbnail","hentry","category-cidade","category-destaque-da-semana","category-destaques-do-dia","category-ultima-hora"],"_links":{"self":[{"href":"https:\/\/diarioregionaldigital.com.br\/index.php?rest_route=\/wp\/v2\/posts\/152027","targetHints":{"allow":["GET"]}}],"collection":[{"href":"https:\/\/diarioregionaldigital.com.br\/index.php?rest_route=\/wp\/v2\/posts"}],"about":[{"href":"https:\/\/diarioregionaldigital.com.br\/index.php?rest_route=\/wp\/v2\/types\/post"}],"author":[{"embeddable":true,"href":"https:\/\/diarioregionaldigital.com.br\/index.php?rest_route=\/wp\/v2\/users\/96"}],"replies":[{"embeddable":true,"href":"https:\/\/diarioregionaldigital.com.br\/index.php?rest_route=%2Fwp%2Fv2%2Fcomments&post=152027"}],"version-history":[{"count":0,"href":"https:\/\/diarioregionaldigital.com.br\/index.php?rest_route=\/wp\/v2\/posts\/152027\/revisions"}],"wp:featuredmedia":[{"embeddable":true,"href":"https:\/\/diarioregionaldigital.com.br\/index.php?rest_route=\/wp\/v2\/media\/151783"}],"wp:attachment":[{"href":"https:\/\/diarioregionaldigital.com.br\/index.php?rest_route=%2Fwp%2Fv2%2Fmedia&parent=152027"}],"wp:term":[{"taxonomy":"category","embeddable":true,"href":"https:\/\/diarioregionaldigital.com.br\/index.php?rest_route=%2Fwp%2Fv2%2Fcategories&post=152027"},{"taxonomy":"post_tag","embeddable":true,"href":"https:\/\/diarioregionaldigital.com.br\/index.php?rest_route=%2Fwp%2Fv2%2Ftags&post=152027"}],"curies":[{"name":"wp","href":"https:\/\/api.w.org\/{rel}","templated":true}]}}