{"id":152022,"date":"2019-11-29T13:15:41","date_gmt":"2019-11-29T15:15:41","guid":{"rendered":"https:\/\/diarioregionaldigital.com.br\/?p=152022"},"modified":"2019-11-29T13:15:41","modified_gmt":"2019-11-29T15:15:41","slug":"eleitores-com-mais-de-70-anos-precisam-fazer-a-biometria","status":"publish","type":"post","link":"https:\/\/diarioregionaldigital.com.br\/?p=152022","title":{"rendered":"Eleitores com mais de 70 anos precisam fazer a biometria"},"content":{"rendered":"<p>O eleitor com mais de 70 anos de idade,\u00a0que quer continuar a votar,\u00a0tamb\u00e9m deve participar da coleta de dados biom\u00e9tricos realizada pela Justi\u00e7a Eleitoral. Embora a Constitui\u00e7\u00e3o Federal determine que o alistamento eleitoral e o voto s\u00e3o facultativos para o cidad\u00e3o nessa idade, no caso de revis\u00e3o eleitoral, todos os eleitores, inclusive aqueles para os quais o voto \u00e9 facultativo \u2013 maiores de 16 e menores de 18 anos, maiores de 70 anos e analfabetos \u2013 devem\u00a0comparecer aos cart\u00f3rios para o cadastramento biom\u00e9trico.<\/p>\n<p>De acordo com o Tribunal Superior Eleitoral, os idosos com mais de 70 anos que n\u00e3o participarem do\u00a0procedimento\u00a0de revis\u00e3o podem\u00a0ter\u00a0seus t\u00edtulos cancelados. O TSE informa ainda que n\u00e3o ser\u00e3o canceladas as inscri\u00e7\u00f5es de eleitores com defici\u00eancia que impossibilite\u00a0o cumprimento das obriga\u00e7\u00f5es eleitorais, desde que a informa\u00e7\u00e3o conste no cadastro.<\/p>\n<p><strong><span style=\"font-size: 14pt;\">Biometria<\/span><\/strong><\/p>\n<p>O cadastramento biom\u00e9trico \u00e9 o procedimento de coleta das impress\u00f5es digitais, fotografia e assinatura, com a atualiza\u00e7\u00e3o dos dados cadastrais do eleitor. De acordo com o tribunal, a medida refor\u00e7a\u00a0a seguran\u00e7a da identifica\u00e7\u00e3o na hora do voto e \u00e9 uma oportunidade para a Justi\u00e7a Eleitoral realizar a atualiza\u00e7\u00e3o dos dados, excluindo os eleitores que n\u00e3o comprovem v\u00ednculo com o respectivo munic\u00edpio.<\/p>\n<p>Segundo o TSE, at\u00e9 o in\u00edcio de\u00a0setembro,\u00a072% dos eleitores brasileiros j\u00e1 tinham realizado a biometria.\u00a0O prazo estipulado pelo TSE \u00e9 2022, mas em alguns munic\u00edpios a biometria tem que ser feita antes, sob pena dos eleitores terem seus t\u00edtulos cancelados, levando a problemas como impossibilidade de se tirar passaporte ou at\u00e9 a possibilidade de interrup\u00e7\u00e3o do recebimento do Bolsa Fam\u00edlia.<\/p>\n<p>Para mais informa\u00e7\u00f5es, os eleitores devem procurar\u00a0as\u00a0unidades de atendimento da zona eleitoral\u00a0em que forem inscritos ou a\u00a0Corregedoria Regional Eleitoral\u00a0da respectiva unidade da Federa\u00e7\u00e3o.<\/p>\n<p>&nbsp;<\/p>\n<p><strong>Fonte:\u00a0<\/strong>Ag\u00eancia Brasil<\/p>\n","protected":false},"excerpt":{"rendered":"<p>O eleitor com mais de 70 anos de idade,\u00a0que quer continuar a votar,\u00a0tamb\u00e9m deve participar da coleta de dados biom\u00e9tricos realizada pela Justi\u00e7a Eleitoral. Embora a Constitui\u00e7\u00e3o Federal determine que o alistamento eleitoral e o voto s\u00e3o facultativos para o cidad\u00e3o nessa idade, no caso de revis\u00e3o eleitoral, todos os eleitores, inclusive aqueles para os [&hellip;]<\/p>\n","protected":false},"author":96,"featured_media":152023,"comment_status":"closed","ping_status":"closed","sticky":false,"template":"","format":"standard","meta":{"footnotes":""},"categories":[436,440,254,439],"tags":[],"class_list":["post-152022","post","type-post","status-publish","format-standard","has-post-thumbnail","hentry","category-destaque-da-semana","category-destaques-do-dia","category-politica","category-ultima-hora"],"_links":{"self":[{"href":"https:\/\/diarioregionaldigital.com.br\/index.php?rest_route=\/wp\/v2\/posts\/152022","targetHints":{"allow":["GET"]}}],"collection":[{"href":"https:\/\/diarioregionaldigital.com.br\/index.php?rest_route=\/wp\/v2\/posts"}],"about":[{"href":"https:\/\/diarioregionaldigital.com.br\/index.php?rest_route=\/wp\/v2\/types\/post"}],"author":[{"embeddable":true,"href":"https:\/\/diarioregionaldigital.com.br\/index.php?rest_route=\/wp\/v2\/users\/96"}],"replies":[{"embeddable":true,"href":"https:\/\/diarioregionaldigital.com.br\/index.php?rest_route=%2Fwp%2Fv2%2Fcomments&post=152022"}],"version-history":[{"count":0,"href":"https:\/\/diarioregionaldigital.com.br\/index.php?rest_route=\/wp\/v2\/posts\/152022\/revisions"}],"wp:featuredmedia":[{"embeddable":true,"href":"https:\/\/diarioregionaldigital.com.br\/index.php?rest_route=\/wp\/v2\/media\/152023"}],"wp:attachment":[{"href":"https:\/\/diarioregionaldigital.com.br\/index.php?rest_route=%2Fwp%2Fv2%2Fmedia&parent=152022"}],"wp:term":[{"taxonomy":"category","embeddable":true,"href":"https:\/\/diarioregionaldigital.com.br\/index.php?rest_route=%2Fwp%2Fv2%2Fcategories&post=152022"},{"taxonomy":"post_tag","embeddable":true,"href":"https:\/\/diarioregionaldigital.com.br\/index.php?rest_route=%2Fwp%2Fv2%2Ftags&post=152022"}],"curies":[{"name":"wp","href":"https:\/\/api.w.org\/{rel}","templated":true}]}}