{"id":151992,"date":"2019-11-29T06:00:12","date_gmt":"2019-11-29T08:00:12","guid":{"rendered":"https:\/\/diarioregionaldigital.com.br\/?p=151992"},"modified":"2019-11-29T04:59:57","modified_gmt":"2019-11-29T06:59:57","slug":"convocacao-coopsa-29-11-19","status":"publish","type":"post","link":"https:\/\/diarioregionaldigital.com.br\/?p=151992","title":{"rendered":"Convoca\u00e7\u00e3o COOPSA &#8211; 29\/11\/19"},"content":{"rendered":"<p>COOPSA \u2013 COOPERATIVA DE SERVI\u00c7OS DE SA\u00daDE. CNPJ: 02.212.088\/0001-30. CONVOCA\u00c7\u00c3O DE ASSEMBLEIA GERAL EXTRAORDIN\u00c1RIA N.\u00ba 81. Ficam os cooperados convocados para a Assembleia Geral Extraordin\u00e1ria de n.\u00ba 81 da COOPSA, a realizar-se no dia 10 de dezembro de 2019, ter\u00e7a-feira, com primeira convoca\u00e7\u00e3o para as 11h30, segunda para as 12h30 e terceira para as 13h30, na rua Marechal Deodoro, n.\u00ba 566, sala 304, Centro, Juiz de Fora\/MG, tendo como pauta: 1) Ratifica\u00e7\u00e3o AGO 47; 2) Ratifica\u00e7\u00e3o de reestrutura\u00e7\u00e3o da Diretoria; 3) Delimita\u00e7\u00e3o de fun\u00e7\u00f5es do Diretor-Presidente; 4) Cria\u00e7\u00e3o de filial; 5) Assuntos Diversos. Para fins de qu\u00f3rum de abertura de trabalhos, \u00e9 necess\u00e1rio 2\/3 (dois ter\u00e7os) dos cooperados em condi\u00e7\u00f5es de votar, em primeira convoca\u00e7\u00e3o; metade mais um em segunda e no m\u00ednimo 10 (dez) cooperados em terceira e \u00faltima convoca\u00e7\u00e3o. Total de cooperados: 60. Juiz de Fora, 28 de novembro de 2019. Jos\u00e9 Eduardo Amorim (Diretor-Presidente)<\/p>\n","protected":false},"excerpt":{"rendered":"<p>COOPSA \u2013 COOPERATIVA DE SERVI\u00c7OS DE SA\u00daDE. CNPJ: 02.212.088\/0001-30. CONVOCA\u00c7\u00c3O DE ASSEMBLEIA GERAL EXTRAORDIN\u00c1RIA N.\u00ba 81. Ficam os cooperados convocados para a Assembleia Geral Extraordin\u00e1ria de n.\u00ba 81 da COOPSA, a realizar-se no dia 10 de dezembro de 2019, ter\u00e7a-feira, com primeira convoca\u00e7\u00e3o para as 11h30, segunda para as 12h30 e terceira para as 13h30, [&hellip;]<\/p>\n","protected":false},"author":96,"featured_media":0,"comment_status":"closed","ping_status":"closed","sticky":false,"template":"","format":"standard","meta":{"footnotes":""},"categories":[307],"tags":[],"class_list":["post-151992","post","type-post","status-publish","format-standard","hentry","category-editais"],"_links":{"self":[{"href":"https:\/\/diarioregionaldigital.com.br\/index.php?rest_route=\/wp\/v2\/posts\/151992","targetHints":{"allow":["GET"]}}],"collection":[{"href":"https:\/\/diarioregionaldigital.com.br\/index.php?rest_route=\/wp\/v2\/posts"}],"about":[{"href":"https:\/\/diarioregionaldigital.com.br\/index.php?rest_route=\/wp\/v2\/types\/post"}],"author":[{"embeddable":true,"href":"https:\/\/diarioregionaldigital.com.br\/index.php?rest_route=\/wp\/v2\/users\/96"}],"replies":[{"embeddable":true,"href":"https:\/\/diarioregionaldigital.com.br\/index.php?rest_route=%2Fwp%2Fv2%2Fcomments&post=151992"}],"version-history":[{"count":0,"href":"https:\/\/diarioregionaldigital.com.br\/index.php?rest_route=\/wp\/v2\/posts\/151992\/revisions"}],"wp:attachment":[{"href":"https:\/\/diarioregionaldigital.com.br\/index.php?rest_route=%2Fwp%2Fv2%2Fmedia&parent=151992"}],"wp:term":[{"taxonomy":"category","embeddable":true,"href":"https:\/\/diarioregionaldigital.com.br\/index.php?rest_route=%2Fwp%2Fv2%2Fcategories&post=151992"},{"taxonomy":"post_tag","embeddable":true,"href":"https:\/\/diarioregionaldigital.com.br\/index.php?rest_route=%2Fwp%2Fv2%2Ftags&post=151992"}],"curies":[{"name":"wp","href":"https:\/\/api.w.org\/{rel}","templated":true}]}}