{"id":151987,"date":"2019-11-29T06:00:42","date_gmt":"2019-11-29T08:00:42","guid":{"rendered":"https:\/\/diarioregionaldigital.com.br\/?p=151987"},"modified":"2019-11-29T04:56:42","modified_gmt":"2019-11-29T06:56:42","slug":"fashion-3","status":"publish","type":"post","link":"https:\/\/diarioregionaldigital.com.br\/?p=151987","title":{"rendered":"Fashion"},"content":{"rendered":"<p style=\"text-align: center;\"><strong>Esportes<\/strong><\/p>\n<p style=\"text-align: center;\">A Esta\u00e7\u00e3o S\u00e3o Pedro estava toda iluminada para a bonita noite de homenagens com a \u201cM\u00e9rito Esportivo Panathlon 2019\u201d, em sess\u00e3o prestigiada para os destaques esportivos. Foram agraciados Gabriel Giovannini, Alexandre Ank, Juliana Scher, Thiago Petrus, Marina Loures Barboza, Danielle Vit\u00f3ria e F\u00e1bio Pereira Antunes. O presidente Basileu Tavares consagrou tamb\u00e9m os incentivadores do esporte, grupo Bahamas, Rodovi\u00e1rio Camilo dos Santos e o Grupo Rezato.<\/p>\n<p style=\"text-align: center;\"><strong>Sangue<\/strong><\/p>\n<p style=\"text-align: center;\">Um desfile criativo de estudantes da Est\u00e1cio na Rua Mister Moore, mostrou atrav\u00e9s de performances a necessidade de buscar doadores de sangue. A rua virou uma passarela para os modelos apresentadores o tema \u201cDoar Sangue est\u00e1 sempre na moda\u201d. As estudantes dos cursos de Design de Moda e Design Gr\u00e1fico da Est\u00e1cio JF, mostraram as produ\u00e7\u00f5es customizados fazendo uma alus\u00e3o as Olimp\u00edadas 2020, que acontecer\u00e1 no Jap\u00e3o. Para doar sangue, procure o Hemominas. A coluna apoia.<\/p>\n<p style=\"text-align: center;\"><strong>Tempo de Escola<\/strong><\/p>\n<p style=\"text-align: center;\">A inocente tran\u00e7a girlie voltou com for\u00e7a total nos desfiles de moda ver\u00e3o 2020 do Hemisf\u00e9rio Norte. Para combinar, aposte no delineador da Dior e no batom cor de boca. Pra arrasar !!!<\/p>\n<p style=\"text-align: center;\"><strong>Sunset<\/strong><\/p>\n<p style=\"text-align: center;\">Vai bombar dia 1\u00ba de dezembro, \u00e0s 16h, o show dos irm\u00e3os Rog\u00e9rio Flausiano e Wilson Sideral, no Cultural. Eles ir\u00e3o cantar os sucessos de Cazuza para divulgar as a\u00e7\u00f5es da Funda\u00e7\u00e3o Viva Cazuza e marca o Dia Mundial da Luta Contra Aids. Participa\u00e7\u00e3o na tarde entrando pela noite das bandas Zona Blue e Daparte, de Belo Horizonte.<\/p>\n<p style=\"text-align: center;\"><span style=\"font-size: 14pt;\"><strong>Fashion<\/strong><\/span><\/p>\n<p style=\"text-align: center;\">O trio poderoso com as cores vermelho, azul e amarelo s\u00e3o a cara do ver\u00e3o. Este colunista d\u00e1 a dica espert\u00edssima para abusar dos tons prim\u00e1rios e apostar em modelagens lady like.<\/p>\n<div id=\"attachment_151963\" style=\"width: 690px\" class=\"wp-caption aligncenter\"><img loading=\"lazy\" decoding=\"async\" aria-describedby=\"caption-attachment-151963\" class=\"wp-image-151963\" src=\"https:\/\/diarioregionaldigital.com.br\/wp-content\/uploads\/2019\/11\/fotoa-17-e1575009892170.jpg\" alt=\"\" width=\"680\" height=\"585\" srcset=\"https:\/\/diarioregionaldigital.com.br\/wp-content\/uploads\/2019\/11\/fotoa-17-e1575009892170.jpg 1182w, https:\/\/diarioregionaldigital.com.br\/wp-content\/uploads\/2019\/11\/fotoa-17-e1575009892170-300x258.jpg 300w, https:\/\/diarioregionaldigital.com.br\/wp-content\/uploads\/2019\/11\/fotoa-17-e1575009892170-768x660.jpg 768w, https:\/\/diarioregionaldigital.com.br\/wp-content\/uploads\/2019\/11\/fotoa-17-e1575009892170-1024x880.jpg 1024w, https:\/\/diarioregionaldigital.com.br\/wp-content\/uploads\/2019\/11\/fotoa-17-e1575009892170-360x309.jpg 360w\" sizes=\"auto, (max-width: 680px) 100vw, 680px\" \/><p id=\"caption-attachment-151963\" class=\"wp-caption-text\">A bel\u00edssima juiz-forana Miss Brasil 2019 J\u00falia Horta forte candidata ao Miss Universo dia 8 de dezembro em Los Angeles<\/p><\/div>\n<div id=\"attachment_151965\" style=\"width: 690px\" class=\"wp-caption aligncenter\"><img loading=\"lazy\" decoding=\"async\" aria-describedby=\"caption-attachment-151965\" class=\"wp-image-151965\" src=\"https:\/\/diarioregionaldigital.com.br\/wp-content\/uploads\/2019\/11\/fotoaa2-e1575010016955.jpg\" alt=\"\" width=\"680\" height=\"535\" srcset=\"https:\/\/diarioregionaldigital.com.br\/wp-content\/uploads\/2019\/11\/fotoaa2-e1575010016955.jpg 526w, https:\/\/diarioregionaldigital.com.br\/wp-content\/uploads\/2019\/11\/fotoaa2-e1575010016955-300x236.jpg 300w, https:\/\/diarioregionaldigital.com.br\/wp-content\/uploads\/2019\/11\/fotoaa2-e1575010016955-360x283.jpg 360w\" sizes=\"auto, (max-width: 680px) 100vw, 680px\" \/><p id=\"caption-attachment-151965\" class=\"wp-caption-text\">O bonito casal Vonei da Silva e Andr\u00e9a Cintia (aniversariando) comemoram o sucesso do Atelier Maria Pipoca<\/p><\/div>\n<div id=\"attachment_151966\" style=\"width: 690px\" class=\"wp-caption aligncenter\"><img loading=\"lazy\" decoding=\"async\" aria-describedby=\"caption-attachment-151966\" class=\"wp-image-151966\" src=\"https:\/\/diarioregionaldigital.com.br\/wp-content\/uploads\/2019\/11\/fotob-16-e1575009846937.jpg\" alt=\"\" width=\"680\" height=\"507\" srcset=\"https:\/\/diarioregionaldigital.com.br\/wp-content\/uploads\/2019\/11\/fotob-16-e1575009846937.jpg 1171w, https:\/\/diarioregionaldigital.com.br\/wp-content\/uploads\/2019\/11\/fotob-16-e1575009846937-300x224.jpg 300w, https:\/\/diarioregionaldigital.com.br\/wp-content\/uploads\/2019\/11\/fotob-16-e1575009846937-768x573.jpg 768w, https:\/\/diarioregionaldigital.com.br\/wp-content\/uploads\/2019\/11\/fotob-16-e1575009846937-1024x763.jpg 1024w, https:\/\/diarioregionaldigital.com.br\/wp-content\/uploads\/2019\/11\/fotob-16-e1575009846937-360x268.jpg 360w\" sizes=\"auto, (max-width: 680px) 100vw, 680px\" \/><p id=\"caption-attachment-151966\" class=\"wp-caption-text\">Bia Travassos e Arthur Batitucci, lindos nas cercanias do Privil\u00e9ge, em noite de festa deslumbrante<\/p><\/div>\n<div id=\"attachment_151967\" style=\"width: 690px\" class=\"wp-caption aligncenter\"><img loading=\"lazy\" decoding=\"async\" aria-describedby=\"caption-attachment-151967\" class=\"wp-image-151967\" src=\"https:\/\/diarioregionaldigital.com.br\/wp-content\/uploads\/2019\/11\/fotobb-8-e1575009955461.jpg\" alt=\"\" width=\"680\" height=\"510\" srcset=\"https:\/\/diarioregionaldigital.com.br\/wp-content\/uploads\/2019\/11\/fotobb-8-e1575009955461.jpg 960w, https:\/\/diarioregionaldigital.com.br\/wp-content\/uploads\/2019\/11\/fotobb-8-e1575009955461-300x225.jpg 300w, https:\/\/diarioregionaldigital.com.br\/wp-content\/uploads\/2019\/11\/fotobb-8-e1575009955461-768x576.jpg 768w, https:\/\/diarioregionaldigital.com.br\/wp-content\/uploads\/2019\/11\/fotobb-8-e1575009955461-360x270.jpg 360w\" sizes=\"auto, (max-width: 680px) 100vw, 680px\" \/><p id=\"caption-attachment-151967\" class=\"wp-caption-text\">Lan\u00e7ando a Revista Terapia da Liberdade, as empoderadas Luna Petermann e Ros\u00e2ngela Rossi<\/p><\/div>\n<div id=\"attachment_151969\" style=\"width: 690px\" class=\"wp-caption aligncenter\"><img loading=\"lazy\" decoding=\"async\" aria-describedby=\"caption-attachment-151969\" class=\"wp-image-151969\" src=\"https:\/\/diarioregionaldigital.com.br\/wp-content\/uploads\/2019\/11\/fotocc-3-e1575010087951.jpg\" alt=\"\" width=\"680\" height=\"538\" srcset=\"https:\/\/diarioregionaldigital.com.br\/wp-content\/uploads\/2019\/11\/fotocc-3-e1575010087951.jpg 525w, https:\/\/diarioregionaldigital.com.br\/wp-content\/uploads\/2019\/11\/fotocc-3-e1575010087951-300x237.jpg 300w, https:\/\/diarioregionaldigital.com.br\/wp-content\/uploads\/2019\/11\/fotocc-3-e1575010087951-360x285.jpg 360w\" sizes=\"auto, (max-width: 680px) 100vw, 680px\" \/><p id=\"caption-attachment-151969\" class=\"wp-caption-text\">A linda estrelinha Manuela Almada Micucci festejou dois aninhos no espa\u00e7o Akasa com seus pais Samuel Micucci e Dani Almada<\/p><\/div>\n<div id=\"attachment_151971\" style=\"width: 690px\" class=\"wp-caption aligncenter\"><img loading=\"lazy\" decoding=\"async\" aria-describedby=\"caption-attachment-151971\" class=\"wp-image-151971\" src=\"https:\/\/diarioregionaldigital.com.br\/wp-content\/uploads\/2019\/11\/fotoe-16.jpg\" alt=\"\" width=\"680\" height=\"455\" srcset=\"https:\/\/diarioregionaldigital.com.br\/wp-content\/uploads\/2019\/11\/fotoe-16.jpg 1758w, https:\/\/diarioregionaldigital.com.br\/wp-content\/uploads\/2019\/11\/fotoe-16-300x201.jpg 300w, https:\/\/diarioregionaldigital.com.br\/wp-content\/uploads\/2019\/11\/fotoe-16-768x514.jpg 768w, https:\/\/diarioregionaldigital.com.br\/wp-content\/uploads\/2019\/11\/fotoe-16-1024x685.jpg 1024w, https:\/\/diarioregionaldigital.com.br\/wp-content\/uploads\/2019\/11\/fotoe-16-360x241.jpg 360w\" sizes=\"auto, (max-width: 680px) 100vw, 680px\" \/><p id=\"caption-attachment-151971\" class=\"wp-caption-text\">No Akasa no Aeroporto Edna Salene, Zez\u00e9 do Pandeiro, Renato Saleme, Neide Almada<\/p><\/div>\n<div id=\"attachment_151974\" style=\"width: 690px\" class=\"wp-caption aligncenter\"><img loading=\"lazy\" decoding=\"async\" aria-describedby=\"caption-attachment-151974\" class=\"wp-image-151974\" src=\"https:\/\/diarioregionaldigital.com.br\/wp-content\/uploads\/2019\/11\/fotoh-15.jpg\" alt=\"\" width=\"680\" height=\"455\" srcset=\"https:\/\/diarioregionaldigital.com.br\/wp-content\/uploads\/2019\/11\/fotoh-15.jpg 1758w, https:\/\/diarioregionaldigital.com.br\/wp-content\/uploads\/2019\/11\/fotoh-15-300x201.jpg 300w, https:\/\/diarioregionaldigital.com.br\/wp-content\/uploads\/2019\/11\/fotoh-15-768x514.jpg 768w, https:\/\/diarioregionaldigital.com.br\/wp-content\/uploads\/2019\/11\/fotoh-15-1024x685.jpg 1024w, https:\/\/diarioregionaldigital.com.br\/wp-content\/uploads\/2019\/11\/fotoh-15-360x241.jpg 360w\" sizes=\"auto, (max-width: 680px) 100vw, 680px\" \/><p id=\"caption-attachment-151974\" class=\"wp-caption-text\">Em sintonia com o alto astral, Luciana Cardoso Moraes e Fernando Miranda<\/p><\/div>\n<div id=\"attachment_151972\" style=\"width: 690px\" class=\"wp-caption aligncenter\"><img loading=\"lazy\" decoding=\"async\" aria-describedby=\"caption-attachment-151972\" class=\"wp-image-151972\" src=\"https:\/\/diarioregionaldigital.com.br\/wp-content\/uploads\/2019\/11\/fotof-16.jpg\" alt=\"\" width=\"680\" height=\"455\" srcset=\"https:\/\/diarioregionaldigital.com.br\/wp-content\/uploads\/2019\/11\/fotof-16.jpg 1758w, https:\/\/diarioregionaldigital.com.br\/wp-content\/uploads\/2019\/11\/fotof-16-300x201.jpg 300w, https:\/\/diarioregionaldigital.com.br\/wp-content\/uploads\/2019\/11\/fotof-16-768x514.jpg 768w, https:\/\/diarioregionaldigital.com.br\/wp-content\/uploads\/2019\/11\/fotof-16-1024x685.jpg 1024w, https:\/\/diarioregionaldigital.com.br\/wp-content\/uploads\/2019\/11\/fotof-16-360x241.jpg 360w\" sizes=\"auto, (max-width: 680px) 100vw, 680px\" \/><p id=\"caption-attachment-151972\" class=\"wp-caption-text\">Em Mar de Espanha, Orlando Caule, Mazuquiele Veras (aniversariando), Lenilson Fonseca e Erika Beire<\/p><\/div>\n<div id=\"attachment_151975\" style=\"width: 690px\" class=\"wp-caption aligncenter\"><img loading=\"lazy\" decoding=\"async\" aria-describedby=\"caption-attachment-151975\" class=\"wp-image-151975\" src=\"https:\/\/diarioregionaldigital.com.br\/wp-content\/uploads\/2019\/11\/fotoi-17-e1575009816137.jpg\" alt=\"\" width=\"680\" height=\"463\" srcset=\"https:\/\/diarioregionaldigital.com.br\/wp-content\/uploads\/2019\/11\/fotoi-17-e1575009816137.jpg 1334w, https:\/\/diarioregionaldigital.com.br\/wp-content\/uploads\/2019\/11\/fotoi-17-e1575009816137-300x204.jpg 300w, https:\/\/diarioregionaldigital.com.br\/wp-content\/uploads\/2019\/11\/fotoi-17-e1575009816137-768x523.jpg 768w, https:\/\/diarioregionaldigital.com.br\/wp-content\/uploads\/2019\/11\/fotoi-17-e1575009816137-1024x698.jpg 1024w, https:\/\/diarioregionaldigital.com.br\/wp-content\/uploads\/2019\/11\/fotoi-17-e1575009816137-360x245.jpg 360w\" sizes=\"auto, (max-width: 680px) 100vw, 680px\" \/><p id=\"caption-attachment-151975\" class=\"wp-caption-text\">Festejando o 1\u00ba ano da Asadero Costelaria, Rose Oliveira, Eduardo Gomes, Francele Galil, Marc\u00edlio Gomes,Guilherme Henrique Stopa e Luiz Carlos Fernandes<\/p><\/div>\n<p style=\"text-align: center;\"><strong>FOTOSS\u00cdNTESE<\/strong><\/p>\n<p>O colunista de moda J\u00falio Zanini vai receber Mo\u00e7\u00e3o de Aplauso na C\u00e2mara Municipal de Juiz de Fora, na 6\u00aa feira, 29, as 16h, pelos seus 35 anos destaque de escola de samba. Aplausos para ele.<\/p>\n<p>Um ax\u00e9 muito especial para L\u00facia Trist\u00e3o Zenkner e Elizabeth Cust\u00f3dio.<\/p>\n<p>Com o prest\u00edgio do p\u00fablico, o professor Menegatti, com sua compet\u00eancia em vendas, motiva\u00e7\u00e3o e lideran\u00e7a, encerrou a 1\u00aa Feira de Empreendedorismo e Neg\u00f3cios, na Havan.<\/p>\n<p>Craque nas letra, a aluna do Projeto Escola de Escritores, Beatriz Botezine Lara de apenas 8 anos, lan\u00e7ou o livro \u201cContos da Bia\u201d. Muito solicitado, o cantor Edimar Augusto foi a atra\u00e7\u00e3o do baile de apresenta\u00e7\u00e3o das fantasias animada no Batom para o Carnaval 2020, em noite animada no Casar\u00e3o.<\/p>\n<p>O artista pl\u00e1stico Gerson Guedes recebeu o t\u00edtulo de cidad\u00e3o honor\u00e1rio de chiador, a cidade onde ele passou sua inf\u00e2ncia.<\/p>\n<p>Mulheres elegantes e inteligentes estiveram em atividades culturais e foram not\u00edcia: Gilda de Andrade Surerus coordenou o espet\u00e1culo do Chorale Gravoche no MAMM e Cecy Barbosa Campos com palestra no Caf\u00e9 Liter\u00e1rio no Pedra Bonita.<\/p>\n<p>Super din\u00e2mico, Jos\u00e9 Eduardo Modesto ao lado de Eveline Toledo participou em Belo Horizonte do 1\u00ba F\u00f3rum Mineiro de Cidades Inteligentes e Sustent\u00e1veis.<\/p>\n<p>Foi na Allian\u00e7a Francesa o lan\u00e7amento do livro \u201cAs flores do mal\u201d de Charles Baudelaire com tradu\u00e7\u00e3o de J\u00falio Castanon Guimar\u00e3es.<\/p>\n<p>Para sempre: \u201cO mundo aleg\u00f3rico se esvai, fica esta subst\u00e2ncia de luta, onde se descortina a eternidade\u201d. Bom dia.<\/p>\n<p><img loading=\"lazy\" decoding=\"async\" class=\"aligncenter size-full wp-image-151988\" src=\"https:\/\/diarioregionaldigital.com.br\/wp-content\/uploads\/2019\/11\/diario-pagina-05.jpg\" alt=\"\" width=\"3494\" height=\"1303\" srcset=\"https:\/\/diarioregionaldigital.com.br\/wp-content\/uploads\/2019\/11\/diario-pagina-05.jpg 3494w, https:\/\/diarioregionaldigital.com.br\/wp-content\/uploads\/2019\/11\/diario-pagina-05-300x112.jpg 300w, https:\/\/diarioregionaldigital.com.br\/wp-content\/uploads\/2019\/11\/diario-pagina-05-768x286.jpg 768w, https:\/\/diarioregionaldigital.com.br\/wp-content\/uploads\/2019\/11\/diario-pagina-05-1024x382.jpg 1024w, https:\/\/diarioregionaldigital.com.br\/wp-content\/uploads\/2019\/11\/diario-pagina-05-360x134.jpg 360w\" sizes=\"auto, (max-width: 3494px) 100vw, 3494px\" \/><\/p>\n","protected":false},"excerpt":{"rendered":"<p>Esportes A Esta\u00e7\u00e3o S\u00e3o Pedro estava toda iluminada para a bonita noite de homenagens com a \u201cM\u00e9rito Esportivo Panathlon 2019\u201d, em sess\u00e3o prestigiada para os destaques esportivos. Foram agraciados Gabriel Giovannini, Alexandre Ank, Juliana Scher, Thiago Petrus, Marina Loures Barboza, Danielle Vit\u00f3ria e F\u00e1bio Pereira Antunes. O presidente Basileu Tavares consagrou tamb\u00e9m os incentivadores do [&hellip;]<\/p>\n","protected":false},"author":96,"featured_media":151963,"comment_status":"closed","ping_status":"closed","sticky":false,"template":"","format":"standard","meta":{"footnotes":""},"categories":[264],"tags":[],"class_list":["post-151987","post","type-post","status-publish","format-standard","has-post-thumbnail","hentry","category-eduardo-gomes"],"_links":{"self":[{"href":"https:\/\/diarioregionaldigital.com.br\/index.php?rest_route=\/wp\/v2\/posts\/151987","targetHints":{"allow":["GET"]}}],"collection":[{"href":"https:\/\/diarioregionaldigital.com.br\/index.php?rest_route=\/wp\/v2\/posts"}],"about":[{"href":"https:\/\/diarioregionaldigital.com.br\/index.php?rest_route=\/wp\/v2\/types\/post"}],"author":[{"embeddable":true,"href":"https:\/\/diarioregionaldigital.com.br\/index.php?rest_route=\/wp\/v2\/users\/96"}],"replies":[{"embeddable":true,"href":"https:\/\/diarioregionaldigital.com.br\/index.php?rest_route=%2Fwp%2Fv2%2Fcomments&post=151987"}],"version-history":[{"count":0,"href":"https:\/\/diarioregionaldigital.com.br\/index.php?rest_route=\/wp\/v2\/posts\/151987\/revisions"}],"wp:featuredmedia":[{"embeddable":true,"href":"https:\/\/diarioregionaldigital.com.br\/index.php?rest_route=\/wp\/v2\/media\/151963"}],"wp:attachment":[{"href":"https:\/\/diarioregionaldigital.com.br\/index.php?rest_route=%2Fwp%2Fv2%2Fmedia&parent=151987"}],"wp:term":[{"taxonomy":"category","embeddable":true,"href":"https:\/\/diarioregionaldigital.com.br\/index.php?rest_route=%2Fwp%2Fv2%2Fcategories&post=151987"},{"taxonomy":"post_tag","embeddable":true,"href":"https:\/\/diarioregionaldigital.com.br\/index.php?rest_route=%2Fwp%2Fv2%2Ftags&post=151987"}],"curies":[{"name":"wp","href":"https:\/\/api.w.org\/{rel}","templated":true}]}}