{"id":151979,"date":"2019-11-29T13:00:36","date_gmt":"2019-11-29T15:00:36","guid":{"rendered":"https:\/\/diarioregionaldigital.com.br\/?p=151979"},"modified":"2019-11-29T00:20:05","modified_gmt":"2019-11-29T02:20:05","slug":"gastos-com-investimentos-federais-acumulam-queda-de-163-no-ano","status":"publish","type":"post","link":"https:\/\/diarioregionaldigital.com.br\/?p=151979","title":{"rendered":"Gastos com investimentos federais acumulam queda de 16,3% no ano"},"content":{"rendered":"<p>Em meio ao crescimento de gastos obrigat\u00f3rios, os investimentos \u2013 gastos com obras e compra de equipamentos \u2013 acumulam queda em 2019. Segundo n\u00fameros divulgados nessa quinta-feira (28) pelo\u00a0Tesouro Nacional, os investimentos totalizam R$ 30,888 bilh\u00f5es de janeiro a outubro, recuo de 16,3% em rela\u00e7\u00e3o ao mesmo per\u00edodo do ano passado, descontada a infla\u00e7\u00e3o oficial pelo \u00cdndice Nacional de Pre\u00e7os ao Consumidor Amplo (IPCA).<\/p>\n<p>Os gastos com o Programa de Acelera\u00e7\u00e3o do Crescimento (PAC) somaram R$ 16,095 bilh\u00f5es de janeiro a outubro, retra\u00e7\u00e3o de 18,9% em rela\u00e7\u00e3o aos mesmos meses do ano passado, descontada a infla\u00e7\u00e3o. As despesas do Minha Casa, Minha Vida, no entanto, subiram 2,6% acima do IPCA, atingindo R$ 3,178 bilh\u00f5es nos dez primeiros meses do ano.<\/p>\n<p>De janeiro a outubro, as receitas l\u00edquidas acumulam alta de 0,3% acima do IPCA. As despesas totais, em contrapartida, ca\u00edram 1% descontada a infla\u00e7\u00e3o. Os gastos com a Previd\u00eancia Social subiram 3% al\u00e9m da infla\u00e7\u00e3o, contra alta de 1,1% (tamb\u00e9m acima da infla\u00e7\u00e3o) dos gastos com pessoal.<\/p>\n<p>As demais despesas obrigat\u00f3rias, no entanto, acumulam queda de 5,9% descontada a infla\u00e7\u00e3o, por causa principalmente de gastos que ocorreram ano passado, mas n\u00e3o se repetiram neste ano, como o pagamento das compensa\u00e7\u00f5es da Lei Kandir e os gastos com financiamento de campanha eleitoral. Tamb\u00e9m ca\u00edram as despesas com o Fundo de Financiamento Estudantil (-48,1%), a desonera\u00e7\u00e3o da folha de pagamento (-27,6%), e com subs\u00eddios (-26,9%)<\/p>\n<p>As despesas de custeio (manuten\u00e7\u00e3o da m\u00e1quina p\u00fablica) acumulam queda de 7,2% descontada a infla\u00e7\u00e3o nos dez primeiros meses do ano. A queda decorreu do contingenciamento (bloqueio) de recursos que vigorou durante boa parte do ano.<\/p>\n<p>Na semana passada, o governo\u00a0liberou todas as verbas contingenciadas\u00a0em 2019. A libera\u00e7\u00e3o foi poss\u00edvel porque o governo obteve receitas extraordin\u00e1rias com tributos sobre a venda de subsidi\u00e1rias de estatais e pelos leil\u00f5es do excedente da cess\u00e3o onerosa e da partilha do pr\u00e9-sal.<\/p>\n<p>&nbsp;<\/p>\n<p><strong>Fonte:\u00a0<\/strong>Ag\u00eancia Brasil<\/p>\n","protected":false},"excerpt":{"rendered":"<p>Em meio ao crescimento de gastos obrigat\u00f3rios, os investimentos \u2013 gastos com obras e compra de equipamentos \u2013 acumulam queda em 2019. Segundo n\u00fameros divulgados nessa quinta-feira (28) pelo\u00a0Tesouro Nacional, os investimentos totalizam R$ 30,888 bilh\u00f5es de janeiro a outubro, recuo de 16,3% em rela\u00e7\u00e3o ao mesmo per\u00edodo do ano passado, descontada a infla\u00e7\u00e3o oficial [&hellip;]<\/p>\n","protected":false},"author":96,"featured_media":146422,"comment_status":"closed","ping_status":"closed","sticky":false,"template":"","format":"standard","meta":{"footnotes":""},"categories":[436,261,439],"tags":[],"class_list":["post-151979","post","type-post","status-publish","format-standard","has-post-thumbnail","hentry","category-destaque-da-semana","category-economia","category-ultima-hora"],"_links":{"self":[{"href":"https:\/\/diarioregionaldigital.com.br\/index.php?rest_route=\/wp\/v2\/posts\/151979","targetHints":{"allow":["GET"]}}],"collection":[{"href":"https:\/\/diarioregionaldigital.com.br\/index.php?rest_route=\/wp\/v2\/posts"}],"about":[{"href":"https:\/\/diarioregionaldigital.com.br\/index.php?rest_route=\/wp\/v2\/types\/post"}],"author":[{"embeddable":true,"href":"https:\/\/diarioregionaldigital.com.br\/index.php?rest_route=\/wp\/v2\/users\/96"}],"replies":[{"embeddable":true,"href":"https:\/\/diarioregionaldigital.com.br\/index.php?rest_route=%2Fwp%2Fv2%2Fcomments&post=151979"}],"version-history":[{"count":0,"href":"https:\/\/diarioregionaldigital.com.br\/index.php?rest_route=\/wp\/v2\/posts\/151979\/revisions"}],"wp:featuredmedia":[{"embeddable":true,"href":"https:\/\/diarioregionaldigital.com.br\/index.php?rest_route=\/wp\/v2\/media\/146422"}],"wp:attachment":[{"href":"https:\/\/diarioregionaldigital.com.br\/index.php?rest_route=%2Fwp%2Fv2%2Fmedia&parent=151979"}],"wp:term":[{"taxonomy":"category","embeddable":true,"href":"https:\/\/diarioregionaldigital.com.br\/index.php?rest_route=%2Fwp%2Fv2%2Fcategories&post=151979"},{"taxonomy":"post_tag","embeddable":true,"href":"https:\/\/diarioregionaldigital.com.br\/index.php?rest_route=%2Fwp%2Fv2%2Ftags&post=151979"}],"curies":[{"name":"wp","href":"https:\/\/api.w.org\/{rel}","templated":true}]}}