{"id":151959,"date":"2019-11-28T17:16:27","date_gmt":"2019-11-28T19:16:27","guid":{"rendered":"https:\/\/diarioregionaldigital.com.br\/?p=151959"},"modified":"2019-11-28T17:16:27","modified_gmt":"2019-11-28T19:16:27","slug":"tupynambas-fecha-com-goleiro-marcos-gato","status":"publish","type":"post","link":"https:\/\/diarioregionaldigital.com.br\/?p=151959","title":{"rendered":"Tupynamb\u00e1s fecha com goleiro Marcos Gato"},"content":{"rendered":"<p>O Le\u00e3o do Po\u00e7o Rico fechou mais um acordo para a disputa do Campeonato Mineiro 2020. O novo refor\u00e7o \u00e9 o goleiro Marcos Gato de 21 anos e 1,93m de altura. Nascido na cidade de Iraty no Paran\u00e1, o atleta teve passagens pelos clubes Maring\u00e1 e Batel, todos do futebol paranaense.<\/p>\n<p>O Tupynamb\u00e1s estrear\u00e1 no Campeonato Mineiro 2020, no dia 22 de janeiro, diante da equipe do Tombense no Est\u00e1dio Municipal Radialista M\u00e1rio Hel\u00eanio.<\/p>\n<p>&nbsp;<\/p>\n<p><strong>Jogos do Tupynamb\u00e1s pelo Campeonato Mineiro (partidas em casa ser\u00e3o no Est\u00e1dio Radialista M\u00e1rio Hel\u00eanio):<\/strong><\/p>\n<ul>\n<li>Casa: Tombense (22\/01);<\/li>\n<li>Fora: Atl\u00e9tico-MG (26\/01) na Arena Independ\u00eancia em Belo Horizonte;<\/li>\n<li>Casa: Am\u00e9rica-MG (29\/01);<\/li>\n<li>Fora: Cruzeiro (01\/02) no Est\u00e1dio do Mineir\u00e3o em Belo Horizonte;<\/li>\n<li>Fora: Villa Nova (09\/02) no Est\u00e1dio Castor Cifuentes em Nova Lima;<\/li>\n<li>Casa: Uberl\u00e2ndia (15\/02);<\/li>\n<li>Fora: Coimbra (29\/02) na Arena Independ\u00eancia em Belo Horizonte;<\/li>\n<li>Casa: Patrocinense (07\/03);<\/li>\n<li>Fora: URT (15\/02) no Est\u00e1dio Zama Maciel em Patos de Minas;<\/li>\n<li>Casa: Caldense (21\/03);<\/li>\n<li>Fora: Boa Esporte (01\/04) no Est\u00e1dio Dilzon Melo em Varginha;<\/li>\n<\/ul>\n","protected":false},"excerpt":{"rendered":"<p>O Le\u00e3o do Po\u00e7o Rico fechou mais um acordo para a disputa do Campeonato Mineiro 2020. O novo refor\u00e7o \u00e9 o goleiro Marcos Gato de 21 anos e 1,93m de altura. Nascido na cidade de Iraty no Paran\u00e1, o atleta teve passagens pelos clubes Maring\u00e1 e Batel, todos do futebol paranaense. O Tupynamb\u00e1s estrear\u00e1 no [&hellip;]<\/p>\n","protected":false},"author":96,"featured_media":151960,"comment_status":"closed","ping_status":"closed","sticky":false,"template":"","format":"standard","meta":{"footnotes":""},"categories":[436,257,439],"tags":[],"class_list":["post-151959","post","type-post","status-publish","format-standard","has-post-thumbnail","hentry","category-destaque-da-semana","category-esporte","category-ultima-hora"],"_links":{"self":[{"href":"https:\/\/diarioregionaldigital.com.br\/index.php?rest_route=\/wp\/v2\/posts\/151959","targetHints":{"allow":["GET"]}}],"collection":[{"href":"https:\/\/diarioregionaldigital.com.br\/index.php?rest_route=\/wp\/v2\/posts"}],"about":[{"href":"https:\/\/diarioregionaldigital.com.br\/index.php?rest_route=\/wp\/v2\/types\/post"}],"author":[{"embeddable":true,"href":"https:\/\/diarioregionaldigital.com.br\/index.php?rest_route=\/wp\/v2\/users\/96"}],"replies":[{"embeddable":true,"href":"https:\/\/diarioregionaldigital.com.br\/index.php?rest_route=%2Fwp%2Fv2%2Fcomments&post=151959"}],"version-history":[{"count":0,"href":"https:\/\/diarioregionaldigital.com.br\/index.php?rest_route=\/wp\/v2\/posts\/151959\/revisions"}],"wp:featuredmedia":[{"embeddable":true,"href":"https:\/\/diarioregionaldigital.com.br\/index.php?rest_route=\/wp\/v2\/media\/151960"}],"wp:attachment":[{"href":"https:\/\/diarioregionaldigital.com.br\/index.php?rest_route=%2Fwp%2Fv2%2Fmedia&parent=151959"}],"wp:term":[{"taxonomy":"category","embeddable":true,"href":"https:\/\/diarioregionaldigital.com.br\/index.php?rest_route=%2Fwp%2Fv2%2Fcategories&post=151959"},{"taxonomy":"post_tag","embeddable":true,"href":"https:\/\/diarioregionaldigital.com.br\/index.php?rest_route=%2Fwp%2Fv2%2Ftags&post=151959"}],"curies":[{"name":"wp","href":"https:\/\/api.w.org\/{rel}","templated":true}]}}