{"id":151947,"date":"2019-11-28T16:28:54","date_gmt":"2019-11-28T18:28:54","guid":{"rendered":"https:\/\/diarioregionaldigital.com.br\/?p=151947"},"modified":"2019-11-28T16:28:54","modified_gmt":"2019-11-28T18:28:54","slug":"governo-fara-projeto-piloto-para-privatizacao-de-creches","status":"publish","type":"post","link":"https:\/\/diarioregionaldigital.com.br\/?p=151947","title":{"rendered":"Governo far\u00e1 projeto-piloto para privatiza\u00e7\u00e3o de creches"},"content":{"rendered":"<p>Decreto publicado nessa quinta-feira\u00a0(27) no Di\u00e1rio Oficial da Uni\u00e3o abre caminho para o governo federal firmar parcerias com o setor privado na constru\u00e7\u00e3o, moderniza\u00e7\u00e3o e gest\u00e3o de creches e de estabelecimentos da rede p\u00fablica de ensino nos estados e munic\u00edpios.<\/p>\n<p>A iniciativa j\u00e1 havia sido aprovada pelo conselho do Programa de Parcerias de Investimentos (PPI) do governo e, com a edi\u00e7\u00e3o do decreto, o presidente libera a realiza\u00e7\u00e3o de estudos de viabilidade e estrutura\u00e7\u00e3o de projetos-piloto para selecionar as unidades a serem atendidas. Os detalhes sobre o n\u00famero de creches que poder\u00e3o ser concedidas ser\u00e3o anunciados futuramente.<\/p>\n<p>Em agosto, a secret\u00e1ria especial do PPI, Martha Seillier,\u00a0em entrevista programa\u00a0<strong>Brasil em Pauta<\/strong>, da\u00a0<strong>TV Brasil<\/strong>, explicou que o modelo em estudo pelo governo vai destravar a constru\u00e7\u00e3o de creches municipais.<\/p>\n<p>\u201cO grande motivo para fazer isso \u00e9 que temos no governo federal um grande passivo de obras inacabadas, ainda do PAC [Programa de Acelera\u00e7\u00e3o do Crescimento], para creches\u201d, explicou. Segundo Martha, \u201cs\u00e3o milhares de creches que iniciaram obras e n\u00e3o conclu\u00edram, e hoje o governo federal tem pouqu\u00edssimas chances de terminar todas essas obras. Mesmo que terminasse, os munic\u00edpios t\u00eam baixa capacidade de trazer professores e equipar esses empreendimentos\u201d.<\/p>\n<p>&nbsp;<\/p>\n<p><strong>Fonte:\u00a0<\/strong>Ag\u00eancia Brasil<\/p>\n","protected":false},"excerpt":{"rendered":"<p>Decreto publicado nessa quinta-feira\u00a0(27) no Di\u00e1rio Oficial da Uni\u00e3o abre caminho para o governo federal firmar parcerias com o setor privado na constru\u00e7\u00e3o, moderniza\u00e7\u00e3o e gest\u00e3o de creches e de estabelecimentos da rede p\u00fablica de ensino nos estados e munic\u00edpios. A iniciativa j\u00e1 havia sido aprovada pelo conselho do Programa de Parcerias de Investimentos (PPI) [&hellip;]<\/p>\n","protected":false},"author":96,"featured_media":151948,"comment_status":"closed","ping_status":"closed","sticky":false,"template":"","format":"standard","meta":{"footnotes":""},"categories":[436,254,439],"tags":[],"class_list":["post-151947","post","type-post","status-publish","format-standard","has-post-thumbnail","hentry","category-destaque-da-semana","category-politica","category-ultima-hora"],"_links":{"self":[{"href":"https:\/\/diarioregionaldigital.com.br\/index.php?rest_route=\/wp\/v2\/posts\/151947","targetHints":{"allow":["GET"]}}],"collection":[{"href":"https:\/\/diarioregionaldigital.com.br\/index.php?rest_route=\/wp\/v2\/posts"}],"about":[{"href":"https:\/\/diarioregionaldigital.com.br\/index.php?rest_route=\/wp\/v2\/types\/post"}],"author":[{"embeddable":true,"href":"https:\/\/diarioregionaldigital.com.br\/index.php?rest_route=\/wp\/v2\/users\/96"}],"replies":[{"embeddable":true,"href":"https:\/\/diarioregionaldigital.com.br\/index.php?rest_route=%2Fwp%2Fv2%2Fcomments&post=151947"}],"version-history":[{"count":0,"href":"https:\/\/diarioregionaldigital.com.br\/index.php?rest_route=\/wp\/v2\/posts\/151947\/revisions"}],"wp:featuredmedia":[{"embeddable":true,"href":"https:\/\/diarioregionaldigital.com.br\/index.php?rest_route=\/wp\/v2\/media\/151948"}],"wp:attachment":[{"href":"https:\/\/diarioregionaldigital.com.br\/index.php?rest_route=%2Fwp%2Fv2%2Fmedia&parent=151947"}],"wp:term":[{"taxonomy":"category","embeddable":true,"href":"https:\/\/diarioregionaldigital.com.br\/index.php?rest_route=%2Fwp%2Fv2%2Fcategories&post=151947"},{"taxonomy":"post_tag","embeddable":true,"href":"https:\/\/diarioregionaldigital.com.br\/index.php?rest_route=%2Fwp%2Fv2%2Ftags&post=151947"}],"curies":[{"name":"wp","href":"https:\/\/api.w.org\/{rel}","templated":true}]}}