{"id":151941,"date":"2019-11-28T16:11:29","date_gmt":"2019-11-28T18:11:29","guid":{"rendered":"https:\/\/diarioregionaldigital.com.br\/?p=151941"},"modified":"2019-11-28T16:11:29","modified_gmt":"2019-11-28T18:11:29","slug":"parceria-entre-universidades-e-sistema-financeiro-incentiva-inovacao","status":"publish","type":"post","link":"https:\/\/diarioregionaldigital.com.br\/?p=151941","title":{"rendered":"Parceria entre universidades e sistema financeiro incentiva inova\u00e7\u00e3o"},"content":{"rendered":"<p>Universidades e institui\u00e7\u00f5es financeiras poder\u00e3o desenvolver solu\u00e7\u00f5es de inova\u00e7\u00e3o por meio do programa Lift Learning, o laborat\u00f3rio de inova\u00e7\u00e3o lan\u00e7ado nessa quinta-feira (28) pelo Banco Central e pela Federa\u00e7\u00e3o Nacional de Associa\u00e7\u00f5es dos Servidores do Banco Central (Fenasbac), em Bras\u00edlia.<\/p>\n<p>O presidente do Banco Central, Roberto Campos Neto, ao participar da cerim\u00f4nia, ressaltou que o programa vai preparar os estudantes para desafios do mercado financeiro, al\u00e9m de acelerar o processo de transforma\u00e7\u00e3o digital do setor.<\/p>\n<p>&#8220;Nos pr\u00f3ximos 3 ou 4 anos, vamos ter um sistema financeiro muito mais tecnol\u00f3gico, muito diferente do que temos hoje. Esse processo de incorpora\u00e7\u00e3o tecnol\u00f3gica no sistema financeiro nacional tem reflexos muitos importantes na economia, na transmiss\u00e3o e aloca\u00e7\u00e3o de recursos\u201d, afirmou.<\/p>\n<p>Segundo o presidente do BC, o objetivo \u00e9 incentivar e acelerar o desenvolvimento dos projetos selecionados, aproximar a academia e entidades com necessidades espec\u00edficas de desenvolvimento de solu\u00e7\u00f5es relacionadas ao Sistema Financeiro Nacional, al\u00e9m de fomentar, no meio\u00a0 acad\u00eamico, o empreendedorismo e a cria\u00e7\u00e3o de\u00a0<em>startups<\/em>\u00a0relacionadas ao sistema financeiro, por estudantes e p\u00f3s-graduados.<\/p>\n<p>&nbsp;<\/p>\n<p><strong><span style=\"font-size: 12pt;\">Solu\u00e7\u00f5es inovadoras<\/span><\/strong><\/p>\n<p>Segundo o BC, as empresas poder\u00e3o contar com o apoio de universidades, criando oportunidade de aprendizado experiencial e fomentando o empreendedorismo na forma\u00e7\u00e3o dos estudantes.<\/p>\n<p>A parceria ocorrer\u00e1, tanto com o oferecimento de incentivos pelas empresas participantes, na forma de pr\u00eamios e bolsas de pesquisa ao meio acad\u00eamico, como por meio de ag\u00eancias de fomento. O primeiro ciclo da iniciativa ocorrer\u00e1 em 2020.<\/p>\n<p>A iniciativa deriva do Laborat\u00f3rio de Inova\u00e7\u00f5es Financeiras e Tecnol\u00f3gicas (Lift), um laborat\u00f3rio virtual lan\u00e7ado em maio do ano passado, com objetivo viabilizar e promover prot\u00f3tipos de inova\u00e7\u00e3o financeira e tecnol\u00f3gica para o Sistema Financeiro Nacional.<\/p>\n<p>A diretora de Administra\u00e7\u00e3o do BC, Carolina de Assis Barros, explicou como funcionar\u00e1 o Lift Learning. O primeiro passo foi o lan\u00e7amento da agenda BC#, que re\u00fane as a\u00e7\u00f5es estrat\u00e9gicas do BC para os pr\u00f3ximos anos.<\/p>\n<p>\u201cDiante dessa agenda estrat\u00e9gica, as institui\u00e7\u00f5es financeiras apresentam desafios ou problemas espec\u00edficos a serem solucionados. Ent\u00e3o, o Instituto Fenasbac constr\u00f3i um arranjo de coopera\u00e7\u00e3o entre as institui\u00e7\u00f5es financeiras, as universidades, as ag\u00eancias de fomento e o Banco Central para o desenvolvimento de pesquisas aplicadas. As pesquisas buscar\u00e3o solu\u00e7\u00f5es para os desafios e problemas levantados pelas institui\u00e7\u00f5es financeiras. Ao final do projeto, os resultados ser\u00e3o apresentados para as institui\u00e7\u00f5es demandantes e um artigo cient\u00edfico ser\u00e1 elaborado pelos alunos participantes\u201d, disse.<\/p>\n<p>&nbsp;<\/p>\n<p><strong>Fonte:\u00a0<\/strong>Ag\u00eancia Brasil<\/p>\n<p>&nbsp;<\/p>\n","protected":false},"excerpt":{"rendered":"<p>Universidades e institui\u00e7\u00f5es financeiras poder\u00e3o desenvolver solu\u00e7\u00f5es de inova\u00e7\u00e3o por meio do programa Lift Learning, o laborat\u00f3rio de inova\u00e7\u00e3o lan\u00e7ado nessa quinta-feira (28) pelo Banco Central e pela Federa\u00e7\u00e3o Nacional de Associa\u00e7\u00f5es dos Servidores do Banco Central (Fenasbac), em Bras\u00edlia. O presidente do Banco Central, Roberto Campos Neto, ao participar da cerim\u00f4nia, ressaltou que o [&hellip;]<\/p>\n","protected":false},"author":96,"featured_media":151942,"comment_status":"closed","ping_status":"closed","sticky":false,"template":"","format":"standard","meta":{"footnotes":""},"categories":[436,261,439],"tags":[],"class_list":["post-151941","post","type-post","status-publish","format-standard","has-post-thumbnail","hentry","category-destaque-da-semana","category-economia","category-ultima-hora"],"_links":{"self":[{"href":"https:\/\/diarioregionaldigital.com.br\/index.php?rest_route=\/wp\/v2\/posts\/151941","targetHints":{"allow":["GET"]}}],"collection":[{"href":"https:\/\/diarioregionaldigital.com.br\/index.php?rest_route=\/wp\/v2\/posts"}],"about":[{"href":"https:\/\/diarioregionaldigital.com.br\/index.php?rest_route=\/wp\/v2\/types\/post"}],"author":[{"embeddable":true,"href":"https:\/\/diarioregionaldigital.com.br\/index.php?rest_route=\/wp\/v2\/users\/96"}],"replies":[{"embeddable":true,"href":"https:\/\/diarioregionaldigital.com.br\/index.php?rest_route=%2Fwp%2Fv2%2Fcomments&post=151941"}],"version-history":[{"count":0,"href":"https:\/\/diarioregionaldigital.com.br\/index.php?rest_route=\/wp\/v2\/posts\/151941\/revisions"}],"wp:featuredmedia":[{"embeddable":true,"href":"https:\/\/diarioregionaldigital.com.br\/index.php?rest_route=\/wp\/v2\/media\/151942"}],"wp:attachment":[{"href":"https:\/\/diarioregionaldigital.com.br\/index.php?rest_route=%2Fwp%2Fv2%2Fmedia&parent=151941"}],"wp:term":[{"taxonomy":"category","embeddable":true,"href":"https:\/\/diarioregionaldigital.com.br\/index.php?rest_route=%2Fwp%2Fv2%2Fcategories&post=151941"},{"taxonomy":"post_tag","embeddable":true,"href":"https:\/\/diarioregionaldigital.com.br\/index.php?rest_route=%2Fwp%2Fv2%2Ftags&post=151941"}],"curies":[{"name":"wp","href":"https:\/\/api.w.org\/{rel}","templated":true}]}}