{"id":151931,"date":"2019-11-28T15:36:24","date_gmt":"2019-11-28T17:36:24","guid":{"rendered":"https:\/\/diarioregionaldigital.com.br\/?p=151931"},"modified":"2019-11-28T15:36:24","modified_gmt":"2019-11-28T17:36:24","slug":"procon-faz-orientacoes-sobre-compras-on-line-no-black-friday","status":"publish","type":"post","link":"https:\/\/diarioregionaldigital.com.br\/?p=151931","title":{"rendered":"Procon faz orienta\u00e7\u00f5es sobre compras on-line no \u201cBlack Friday\u201d"},"content":{"rendered":"<p>Conhecido pelo dia de liquida\u00e7\u00f5es, o \u201cBlack Friday\u201d ou sexta-feira negra, come\u00e7a amanh\u00e3 (29), no entanto j\u00e1 tem lojas no com\u00e9rcio de Juiz de Fora que j\u00e1 colocaram seus produtos em promo\u00e7\u00e3o e principalmente os portais da internet no Brasil. Para garantir a seguran\u00e7a financeira, interesses econ\u00f4micos e qualidade de vida do consumidor, a Ag\u00eancia de Prote\u00e7\u00e3o e Defesa do Consumidor (Procon\/JF) da Prefeitura de Juiz de Fora (PJF) divulga dicas para que a popula\u00e7\u00e3o fique atenta.<\/p>\n<p>&nbsp;<\/p>\n<p><strong>Acesse ao Google:<\/strong><\/p>\n<p>&#8211; \u00c9 muito importante o consumidor fazer uma pesquisa sobre a loja que contenha o produto que ir\u00e1 adquirir e tamb\u00e9m sua reputa\u00e7\u00e3o.<\/p>\n<p>&#8211; \u00c9 comum que existam reclama\u00e7\u00f5es sobre as lojas, contudo, \u00e9 necess\u00e1rio analisar como a empresa resolveu a demanda do consumidor evidencia sua credibilidade.<\/p>\n<p>&#8211; Outra dica importante \u00e9 a respeito da seguran\u00e7a do site. O consumidor deve conferir se a p\u00e1gina \u00e9 segura e se a mesma possui cadeado de autentica\u00e7\u00e3o, caso n\u00e3o tenha este s\u00edmbolo, o site deve ser evitado.<\/p>\n<p>&#8211; Busque acessar os portais pelo seu computador pessoal e n\u00e3o coloque o n\u00famero do seu cart\u00e3o, senhas ou dados pessoais em computadores compartilhados com muita gente, como por exemplo: lan house. Utilizar o pr\u00f3prio computador ajuda a evitar problemas relacionados \u00e0 v\u00edrus e programas que possam roubar os dados do consumidor.<\/p>\n<p>&nbsp;<\/p>\n<p><strong>Salve as informa\u00e7\u00f5es:<\/strong><\/p>\n<p>&#8211; \u00c9 importante que o consumidor guarde todos os dados das compras, como: n\u00famero do protocolo, confirma\u00e7\u00e3o do pedido, mensagens trocadas com o fornecedor e outras informa\u00e7\u00f5es que comprovem a compra e as condi\u00e7\u00f5es. Isso facilitar\u00e1 o processo de reclama\u00e7\u00e3o, caso ocorra algum imprevisto.<\/p>\n<p>&#8211; As p\u00e1ginas de fora do Brasil seguem as normas de seus pa\u00edses de origem. Se o consumidor tiver problemas em comprar produtos pelos portais internacionais, ele ter\u00e1 de resolver diretamente com o fornecedor, pois nesse caso ele \u00e9 o pr\u00f3prio importador. E vale lembrar que a taxa de importa\u00e7\u00e3o depende do valor do produto no exterior, al\u00e9m da cota\u00e7\u00e3o no c\u00e2mbio atual.<\/p>\n<p>&nbsp;<\/p>\n<p><strong>O que \u00e9 Black Friday?<\/strong><\/p>\n<p>Segundo o portal americano The Balance, o nome \u00e9 dado ao dia de compras ap\u00f3s o feriado de \u201cA\u00e7\u00e3o de Gra\u00e7as\u201d nos Estados Unidos, visando o Natal. N\u00e3o existe exatamente uma data que marca o in\u00edcio do Black Friday (Sexta-Feira Negra), mas de acordo com o portal, surgiu no final do s\u00e9culo XIX, quando o ent\u00e3o Presidente Abraham Lincoln determinou que o \u201cDia de A\u00e7\u00e3o de Gra\u00e7as\u201d ca\u00edsse na \u00faltima sexta-feira do m\u00eas de Novembro.<\/p>\n<p>A pergunta \u00e9: o que significa Black Friday? Ainda de acordo com o The Balance, o termo ganhou este significado devido ao grande n\u00famero de consumidores nas lojas, ocasionando grande locomo\u00e7\u00e3o de pessoas, acidentes no tr\u00e2nsito e inclusive viol\u00eancia nos estabelecimentos.<\/p>\n<p>&nbsp;<\/p>\n<p>&nbsp;<\/p>\n","protected":false},"excerpt":{"rendered":"<p>Conhecido pelo dia de liquida\u00e7\u00f5es, o \u201cBlack Friday\u201d ou sexta-feira negra, come\u00e7a amanh\u00e3 (29), no entanto j\u00e1 tem lojas no com\u00e9rcio de Juiz de Fora que j\u00e1 colocaram seus produtos em promo\u00e7\u00e3o e principalmente os portais da internet no Brasil. Para garantir a seguran\u00e7a financeira, interesses econ\u00f4micos e qualidade de vida do consumidor, a Ag\u00eancia [&hellip;]<\/p>\n","protected":false},"author":96,"featured_media":151932,"comment_status":"closed","ping_status":"closed","sticky":false,"template":"","format":"standard","meta":{"footnotes":""},"categories":[253,436,440,439],"tags":[],"class_list":["post-151931","post","type-post","status-publish","format-standard","has-post-thumbnail","hentry","category-cidade","category-destaque-da-semana","category-destaques-do-dia","category-ultima-hora"],"_links":{"self":[{"href":"https:\/\/diarioregionaldigital.com.br\/index.php?rest_route=\/wp\/v2\/posts\/151931","targetHints":{"allow":["GET"]}}],"collection":[{"href":"https:\/\/diarioregionaldigital.com.br\/index.php?rest_route=\/wp\/v2\/posts"}],"about":[{"href":"https:\/\/diarioregionaldigital.com.br\/index.php?rest_route=\/wp\/v2\/types\/post"}],"author":[{"embeddable":true,"href":"https:\/\/diarioregionaldigital.com.br\/index.php?rest_route=\/wp\/v2\/users\/96"}],"replies":[{"embeddable":true,"href":"https:\/\/diarioregionaldigital.com.br\/index.php?rest_route=%2Fwp%2Fv2%2Fcomments&post=151931"}],"version-history":[{"count":0,"href":"https:\/\/diarioregionaldigital.com.br\/index.php?rest_route=\/wp\/v2\/posts\/151931\/revisions"}],"wp:featuredmedia":[{"embeddable":true,"href":"https:\/\/diarioregionaldigital.com.br\/index.php?rest_route=\/wp\/v2\/media\/151932"}],"wp:attachment":[{"href":"https:\/\/diarioregionaldigital.com.br\/index.php?rest_route=%2Fwp%2Fv2%2Fmedia&parent=151931"}],"wp:term":[{"taxonomy":"category","embeddable":true,"href":"https:\/\/diarioregionaldigital.com.br\/index.php?rest_route=%2Fwp%2Fv2%2Fcategories&post=151931"},{"taxonomy":"post_tag","embeddable":true,"href":"https:\/\/diarioregionaldigital.com.br\/index.php?rest_route=%2Fwp%2Fv2%2Ftags&post=151931"}],"curies":[{"name":"wp","href":"https:\/\/api.w.org\/{rel}","templated":true}]}}