{"id":151914,"date":"2019-11-28T06:00:35","date_gmt":"2019-11-28T08:00:35","guid":{"rendered":"https:\/\/diarioregionaldigital.com.br\/?p=151914"},"modified":"2019-11-27T20:33:33","modified_gmt":"2019-11-27T22:33:33","slug":"social-40","status":"publish","type":"post","link":"https:\/\/diarioregionaldigital.com.br\/?p=151914","title":{"rendered":"Social"},"content":{"rendered":"<p style=\"text-align: center;\"><span style=\"font-size: 14pt;\"><strong>Social <\/strong><\/span><\/p>\n<p style=\"text-align: center;\">Usando como cen\u00e1rio o restaurante e bar \u201cCostelaria do Z\u00e9\u201d, no t\u00e9rreo do Trade Hotel, este colunista comemorou anivers\u00e1rio com muitos amigos e familiares. Na badalada noite com m\u00fasica ao vivo, e com muitos drinques e docinhos deliciosos e bolo tem\u00e1tico do Flamengo do Atelier Maria Pipoca, todos cantaram o \u201cParab\u00e9ns pra Voc\u00ea\u201d. As fotos de Marc\u00edlio Gomes registram.<\/p>\n<div id=\"attachment_151892\" style=\"width: 690px\" class=\"wp-caption aligncenter\"><img loading=\"lazy\" decoding=\"async\" aria-describedby=\"caption-attachment-151892\" class=\"wp-image-151892\" src=\"https:\/\/diarioregionaldigital.com.br\/wp-content\/uploads\/2019\/11\/fotoa-16.jpg\" alt=\"\" width=\"680\" height=\"455\" srcset=\"https:\/\/diarioregionaldigital.com.br\/wp-content\/uploads\/2019\/11\/fotoa-16.jpg 1758w, https:\/\/diarioregionaldigital.com.br\/wp-content\/uploads\/2019\/11\/fotoa-16-300x201.jpg 300w, https:\/\/diarioregionaldigital.com.br\/wp-content\/uploads\/2019\/11\/fotoa-16-768x514.jpg 768w, https:\/\/diarioregionaldigital.com.br\/wp-content\/uploads\/2019\/11\/fotoa-16-1024x685.jpg 1024w, https:\/\/diarioregionaldigital.com.br\/wp-content\/uploads\/2019\/11\/fotoa-16-360x241.jpg 360w\" sizes=\"auto, (max-width: 680px) 100vw, 680px\" \/><p id=\"caption-attachment-151892\" class=\"wp-caption-text\">Rose Oliveira, Catarina Alves, Jos\u00e9 Rocha, Eduardo Gomes e Ricardo Perrone<\/p><\/div>\n<div id=\"attachment_151893\" style=\"width: 690px\" class=\"wp-caption aligncenter\"><img loading=\"lazy\" decoding=\"async\" aria-describedby=\"caption-attachment-151893\" class=\"wp-image-151893\" src=\"https:\/\/diarioregionaldigital.com.br\/wp-content\/uploads\/2019\/11\/fotob-15-e1574893127366.jpg\" alt=\"\" width=\"680\" height=\"487\" srcset=\"https:\/\/diarioregionaldigital.com.br\/wp-content\/uploads\/2019\/11\/fotob-15-e1574893127366.jpg 1133w, https:\/\/diarioregionaldigital.com.br\/wp-content\/uploads\/2019\/11\/fotob-15-e1574893127366-300x215.jpg 300w, https:\/\/diarioregionaldigital.com.br\/wp-content\/uploads\/2019\/11\/fotob-15-e1574893127366-768x550.jpg 768w, https:\/\/diarioregionaldigital.com.br\/wp-content\/uploads\/2019\/11\/fotob-15-e1574893127366-1024x733.jpg 1024w, https:\/\/diarioregionaldigital.com.br\/wp-content\/uploads\/2019\/11\/fotob-15-e1574893127366-360x258.jpg 360w\" sizes=\"auto, (max-width: 680px) 100vw, 680px\" \/><p id=\"caption-attachment-151893\" class=\"wp-caption-text\">Cl\u00e1udia Matos e Eduardo Gomes<\/p><\/div>\n<div id=\"attachment_151894\" style=\"width: 690px\" class=\"wp-caption aligncenter\"><img loading=\"lazy\" decoding=\"async\" aria-describedby=\"caption-attachment-151894\" class=\"wp-image-151894\" src=\"https:\/\/diarioregionaldigital.com.br\/wp-content\/uploads\/2019\/11\/fotoc-16-e1574893155943.jpg\" alt=\"\" width=\"680\" height=\"509\" srcset=\"https:\/\/diarioregionaldigital.com.br\/wp-content\/uploads\/2019\/11\/fotoc-16-e1574893155943.jpg 1155w, https:\/\/diarioregionaldigital.com.br\/wp-content\/uploads\/2019\/11\/fotoc-16-e1574893155943-300x224.jpg 300w, https:\/\/diarioregionaldigital.com.br\/wp-content\/uploads\/2019\/11\/fotoc-16-e1574893155943-768x575.jpg 768w, https:\/\/diarioregionaldigital.com.br\/wp-content\/uploads\/2019\/11\/fotoc-16-e1574893155943-1024x766.jpg 1024w, https:\/\/diarioregionaldigital.com.br\/wp-content\/uploads\/2019\/11\/fotoc-16-e1574893155943-360x269.jpg 360w\" sizes=\"auto, (max-width: 680px) 100vw, 680px\" \/><p id=\"caption-attachment-151894\" class=\"wp-caption-text\">Nilza Venuto e Eduardo Gomes<\/p><\/div>\n<div id=\"attachment_151895\" style=\"width: 690px\" class=\"wp-caption aligncenter\"><img loading=\"lazy\" decoding=\"async\" aria-describedby=\"caption-attachment-151895\" class=\"wp-image-151895\" src=\"https:\/\/diarioregionaldigital.com.br\/wp-content\/uploads\/2019\/11\/fotod-16.jpg\" alt=\"\" width=\"680\" height=\"508\" srcset=\"https:\/\/diarioregionaldigital.com.br\/wp-content\/uploads\/2019\/11\/fotod-16.jpg 1556w, https:\/\/diarioregionaldigital.com.br\/wp-content\/uploads\/2019\/11\/fotod-16-300x224.jpg 300w, https:\/\/diarioregionaldigital.com.br\/wp-content\/uploads\/2019\/11\/fotod-16-768x574.jpg 768w, https:\/\/diarioregionaldigital.com.br\/wp-content\/uploads\/2019\/11\/fotod-16-1024x765.jpg 1024w, https:\/\/diarioregionaldigital.com.br\/wp-content\/uploads\/2019\/11\/fotod-16-360x269.jpg 360w\" sizes=\"auto, (max-width: 680px) 100vw, 680px\" \/><p id=\"caption-attachment-151895\" class=\"wp-caption-text\">F\u00e1bio Cantarino, Carlos Badico e Fred Alvim<\/p><\/div>\n<div id=\"attachment_151896\" style=\"width: 690px\" class=\"wp-caption aligncenter\"><img loading=\"lazy\" decoding=\"async\" aria-describedby=\"caption-attachment-151896\" class=\"wp-image-151896\" src=\"https:\/\/diarioregionaldigital.com.br\/wp-content\/uploads\/2019\/11\/fotoe-15.jpg\" alt=\"\" width=\"680\" height=\"452\" srcset=\"https:\/\/diarioregionaldigital.com.br\/wp-content\/uploads\/2019\/11\/fotoe-15.jpg 1770w, https:\/\/diarioregionaldigital.com.br\/wp-content\/uploads\/2019\/11\/fotoe-15-300x199.jpg 300w, https:\/\/diarioregionaldigital.com.br\/wp-content\/uploads\/2019\/11\/fotoe-15-768x510.jpg 768w, https:\/\/diarioregionaldigital.com.br\/wp-content\/uploads\/2019\/11\/fotoe-15-1024x680.jpg 1024w, https:\/\/diarioregionaldigital.com.br\/wp-content\/uploads\/2019\/11\/fotoe-15-360x239.jpg 360w\" sizes=\"auto, (max-width: 680px) 100vw, 680px\" \/><p id=\"caption-attachment-151896\" class=\"wp-caption-text\">Ricardo Alex, Wesley Monteiro, Eduardo Gomes, Carlos Sacchi<\/p><\/div>\n<div id=\"attachment_151898\" style=\"width: 690px\" class=\"wp-caption aligncenter\"><img loading=\"lazy\" decoding=\"async\" aria-describedby=\"caption-attachment-151898\" class=\"wp-image-151898\" src=\"https:\/\/diarioregionaldigital.com.br\/wp-content\/uploads\/2019\/11\/fotog-18-e1574893300950.jpg\" alt=\"\" width=\"680\" height=\"520\" srcset=\"https:\/\/diarioregionaldigital.com.br\/wp-content\/uploads\/2019\/11\/fotog-18-e1574893300950.jpg 1175w, https:\/\/diarioregionaldigital.com.br\/wp-content\/uploads\/2019\/11\/fotog-18-e1574893300950-300x229.jpg 300w, https:\/\/diarioregionaldigital.com.br\/wp-content\/uploads\/2019\/11\/fotog-18-e1574893300950-768x587.jpg 768w, https:\/\/diarioregionaldigital.com.br\/wp-content\/uploads\/2019\/11\/fotog-18-e1574893300950-1024x783.jpg 1024w, https:\/\/diarioregionaldigital.com.br\/wp-content\/uploads\/2019\/11\/fotog-18-e1574893300950-360x275.jpg 360w\" sizes=\"auto, (max-width: 680px) 100vw, 680px\" \/><p id=\"caption-attachment-151898\" class=\"wp-caption-text\">Elis\u00e2ngela Nogueira, Eduardo Gomes, Bruno Nogueira<\/p><\/div>\n<div id=\"attachment_151899\" style=\"width: 690px\" class=\"wp-caption aligncenter\"><img loading=\"lazy\" decoding=\"async\" aria-describedby=\"caption-attachment-151899\" class=\"wp-image-151899\" src=\"https:\/\/diarioregionaldigital.com.br\/wp-content\/uploads\/2019\/11\/fotoh-14.jpg\" alt=\"\" width=\"680\" height=\"459\" srcset=\"https:\/\/diarioregionaldigital.com.br\/wp-content\/uploads\/2019\/11\/fotoh-14.jpg 1752w, https:\/\/diarioregionaldigital.com.br\/wp-content\/uploads\/2019\/11\/fotoh-14-300x202.jpg 300w, https:\/\/diarioregionaldigital.com.br\/wp-content\/uploads\/2019\/11\/fotoh-14-768x518.jpg 768w, https:\/\/diarioregionaldigital.com.br\/wp-content\/uploads\/2019\/11\/fotoh-14-1024x691.jpg 1024w, https:\/\/diarioregionaldigital.com.br\/wp-content\/uploads\/2019\/11\/fotoh-14-360x243.jpg 360w\" sizes=\"auto, (max-width: 680px) 100vw, 680px\" \/><p id=\"caption-attachment-151899\" class=\"wp-caption-text\">Eduardo Lucas e Eduardo Gomes<\/p><\/div>\n<div id=\"attachment_151900\" style=\"width: 690px\" class=\"wp-caption aligncenter\"><img loading=\"lazy\" decoding=\"async\" aria-describedby=\"caption-attachment-151900\" class=\"wp-image-151900\" src=\"https:\/\/diarioregionaldigital.com.br\/wp-content\/uploads\/2019\/11\/fotoi-16.jpg\" alt=\"\" width=\"680\" height=\"455\" srcset=\"https:\/\/diarioregionaldigital.com.br\/wp-content\/uploads\/2019\/11\/fotoi-16.jpg 1758w, https:\/\/diarioregionaldigital.com.br\/wp-content\/uploads\/2019\/11\/fotoi-16-300x201.jpg 300w, https:\/\/diarioregionaldigital.com.br\/wp-content\/uploads\/2019\/11\/fotoi-16-768x514.jpg 768w, https:\/\/diarioregionaldigital.com.br\/wp-content\/uploads\/2019\/11\/fotoi-16-1024x685.jpg 1024w, https:\/\/diarioregionaldigital.com.br\/wp-content\/uploads\/2019\/11\/fotoi-16-360x241.jpg 360w\" sizes=\"auto, (max-width: 680px) 100vw, 680px\" \/><p id=\"caption-attachment-151900\" class=\"wp-caption-text\">Fabricio Viana, Eduardo Gomes, Talison Vardiero<\/p><\/div>\n<div id=\"attachment_151901\" style=\"width: 690px\" class=\"wp-caption aligncenter\"><img loading=\"lazy\" decoding=\"async\" aria-describedby=\"caption-attachment-151901\" class=\"wp-image-151901\" src=\"https:\/\/diarioregionaldigital.com.br\/wp-content\/uploads\/2019\/11\/fotoj-11.jpg\" alt=\"\" width=\"680\" height=\"459\" srcset=\"https:\/\/diarioregionaldigital.com.br\/wp-content\/uploads\/2019\/11\/fotoj-11.jpg 1752w, https:\/\/diarioregionaldigital.com.br\/wp-content\/uploads\/2019\/11\/fotoj-11-300x202.jpg 300w, https:\/\/diarioregionaldigital.com.br\/wp-content\/uploads\/2019\/11\/fotoj-11-768x518.jpg 768w, https:\/\/diarioregionaldigital.com.br\/wp-content\/uploads\/2019\/11\/fotoj-11-1024x691.jpg 1024w, https:\/\/diarioregionaldigital.com.br\/wp-content\/uploads\/2019\/11\/fotoj-11-360x243.jpg 360w\" sizes=\"auto, (max-width: 680px) 100vw, 680px\" \/><p id=\"caption-attachment-151901\" class=\"wp-caption-text\">Carol Pinheiro, Ta\u00eds Fernandes, Eduardo Gomes, Eduardo Gama e Ramon David<\/p><\/div>\n<div id=\"attachment_151902\" style=\"width: 690px\" class=\"wp-caption aligncenter\"><img loading=\"lazy\" decoding=\"async\" aria-describedby=\"caption-attachment-151902\" class=\"wp-image-151902\" src=\"https:\/\/diarioregionaldigital.com.br\/wp-content\/uploads\/2019\/11\/fotol-9.jpg\" alt=\"\" width=\"680\" height=\"455\" srcset=\"https:\/\/diarioregionaldigital.com.br\/wp-content\/uploads\/2019\/11\/fotol-9.jpg 1758w, https:\/\/diarioregionaldigital.com.br\/wp-content\/uploads\/2019\/11\/fotol-9-300x201.jpg 300w, https:\/\/diarioregionaldigital.com.br\/wp-content\/uploads\/2019\/11\/fotol-9-768x514.jpg 768w, https:\/\/diarioregionaldigital.com.br\/wp-content\/uploads\/2019\/11\/fotol-9-1024x685.jpg 1024w, https:\/\/diarioregionaldigital.com.br\/wp-content\/uploads\/2019\/11\/fotol-9-360x241.jpg 360w\" sizes=\"auto, (max-width: 680px) 100vw, 680px\" \/><p id=\"caption-attachment-151902\" class=\"wp-caption-text\">R\u00f4mullo Vieira, Eduardo Gomes, Jo\u00e3o Guilherme<\/p><\/div>\n<div id=\"attachment_151903\" style=\"width: 690px\" class=\"wp-caption aligncenter\"><img loading=\"lazy\" decoding=\"async\" aria-describedby=\"caption-attachment-151903\" class=\"wp-image-151903\" src=\"https:\/\/diarioregionaldigital.com.br\/wp-content\/uploads\/2019\/11\/fotom-1.jpg\" alt=\"\" width=\"680\" height=\"455\" srcset=\"https:\/\/diarioregionaldigital.com.br\/wp-content\/uploads\/2019\/11\/fotom-1.jpg 1758w, https:\/\/diarioregionaldigital.com.br\/wp-content\/uploads\/2019\/11\/fotom-1-300x201.jpg 300w, https:\/\/diarioregionaldigital.com.br\/wp-content\/uploads\/2019\/11\/fotom-1-768x514.jpg 768w, https:\/\/diarioregionaldigital.com.br\/wp-content\/uploads\/2019\/11\/fotom-1-1024x685.jpg 1024w, https:\/\/diarioregionaldigital.com.br\/wp-content\/uploads\/2019\/11\/fotom-1-360x241.jpg 360w\" sizes=\"auto, (max-width: 680px) 100vw, 680px\" \/><p id=\"caption-attachment-151903\" class=\"wp-caption-text\">Beto Souza, Eduardo Gomes, Liliane Gonzaga<\/p><\/div>\n<div id=\"attachment_151905\" style=\"width: 690px\" class=\"wp-caption aligncenter\"><img loading=\"lazy\" decoding=\"async\" aria-describedby=\"caption-attachment-151905\" class=\"wp-image-151905\" src=\"https:\/\/diarioregionaldigital.com.br\/wp-content\/uploads\/2019\/11\/fotoo.jpg\" alt=\"\" width=\"680\" height=\"456\" srcset=\"https:\/\/diarioregionaldigital.com.br\/wp-content\/uploads\/2019\/11\/fotoo.jpg 1752w, https:\/\/diarioregionaldigital.com.br\/wp-content\/uploads\/2019\/11\/fotoo-300x201.jpg 300w, https:\/\/diarioregionaldigital.com.br\/wp-content\/uploads\/2019\/11\/fotoo-768x516.jpg 768w, https:\/\/diarioregionaldigital.com.br\/wp-content\/uploads\/2019\/11\/fotoo-1024x687.jpg 1024w, https:\/\/diarioregionaldigital.com.br\/wp-content\/uploads\/2019\/11\/fotoo-360x242.jpg 360w\" sizes=\"auto, (max-width: 680px) 100vw, 680px\" \/><p id=\"caption-attachment-151905\" class=\"wp-caption-text\">Gra\u00e7a Loures, Monica Gomide Guimar\u00e3es, Eduardo Gomes, Rosangela Marques<\/p><\/div>\n<div id=\"attachment_151906\" style=\"width: 690px\" class=\"wp-caption aligncenter\"><img loading=\"lazy\" decoding=\"async\" aria-describedby=\"caption-attachment-151906\" class=\"wp-image-151906\" src=\"https:\/\/diarioregionaldigital.com.br\/wp-content\/uploads\/2019\/11\/fotop.jpg\" alt=\"\" width=\"680\" height=\"455\" srcset=\"https:\/\/diarioregionaldigital.com.br\/wp-content\/uploads\/2019\/11\/fotop.jpg 1758w, https:\/\/diarioregionaldigital.com.br\/wp-content\/uploads\/2019\/11\/fotop-300x201.jpg 300w, https:\/\/diarioregionaldigital.com.br\/wp-content\/uploads\/2019\/11\/fotop-768x514.jpg 768w, https:\/\/diarioregionaldigital.com.br\/wp-content\/uploads\/2019\/11\/fotop-1024x685.jpg 1024w, https:\/\/diarioregionaldigital.com.br\/wp-content\/uploads\/2019\/11\/fotop-360x241.jpg 360w\" sizes=\"auto, (max-width: 680px) 100vw, 680px\" \/><p id=\"caption-attachment-151906\" class=\"wp-caption-text\">Neuza Marsicano, Eduardo Gomes, Sonia Zouain<\/p><\/div>\n<div id=\"attachment_151907\" style=\"width: 690px\" class=\"wp-caption aligncenter\"><img loading=\"lazy\" decoding=\"async\" aria-describedby=\"caption-attachment-151907\" class=\"wp-image-151907\" src=\"https:\/\/diarioregionaldigital.com.br\/wp-content\/uploads\/2019\/11\/fotoq.jpg\" alt=\"\" width=\"680\" height=\"456\" srcset=\"https:\/\/diarioregionaldigital.com.br\/wp-content\/uploads\/2019\/11\/fotoq.jpg 1752w, https:\/\/diarioregionaldigital.com.br\/wp-content\/uploads\/2019\/11\/fotoq-300x201.jpg 300w, https:\/\/diarioregionaldigital.com.br\/wp-content\/uploads\/2019\/11\/fotoq-768x516.jpg 768w, https:\/\/diarioregionaldigital.com.br\/wp-content\/uploads\/2019\/11\/fotoq-1024x687.jpg 1024w, https:\/\/diarioregionaldigital.com.br\/wp-content\/uploads\/2019\/11\/fotoq-360x242.jpg 360w\" sizes=\"auto, (max-width: 680px) 100vw, 680px\" \/><p id=\"caption-attachment-151907\" class=\"wp-caption-text\">Silvana Paiva Pinto, Eduardo Gomes, Beth Ank<\/p><\/div>\n<div id=\"attachment_151908\" style=\"width: 690px\" class=\"wp-caption aligncenter\"><img loading=\"lazy\" decoding=\"async\" aria-describedby=\"caption-attachment-151908\" class=\"wp-image-151908\" src=\"https:\/\/diarioregionaldigital.com.br\/wp-content\/uploads\/2019\/11\/fotos.jpg\" alt=\"\" width=\"680\" height=\"456\" srcset=\"https:\/\/diarioregionaldigital.com.br\/wp-content\/uploads\/2019\/11\/fotos.jpg 1752w, https:\/\/diarioregionaldigital.com.br\/wp-content\/uploads\/2019\/11\/fotos-300x201.jpg 300w, https:\/\/diarioregionaldigital.com.br\/wp-content\/uploads\/2019\/11\/fotos-768x516.jpg 768w, https:\/\/diarioregionaldigital.com.br\/wp-content\/uploads\/2019\/11\/fotos-1024x687.jpg 1024w, https:\/\/diarioregionaldigital.com.br\/wp-content\/uploads\/2019\/11\/fotos-360x242.jpg 360w\" sizes=\"auto, (max-width: 680px) 100vw, 680px\" \/><p id=\"caption-attachment-151908\" class=\"wp-caption-text\">Fabiano Garcia, Eduardo Gomes, Carlos Barbosa<\/p><\/div>\n<div id=\"attachment_151909\" style=\"width: 690px\" class=\"wp-caption aligncenter\"><img loading=\"lazy\" decoding=\"async\" aria-describedby=\"caption-attachment-151909\" class=\"wp-image-151909\" src=\"https:\/\/diarioregionaldigital.com.br\/wp-content\/uploads\/2019\/11\/fotot.jpg\" alt=\"\" width=\"680\" height=\"455\" srcset=\"https:\/\/diarioregionaldigital.com.br\/wp-content\/uploads\/2019\/11\/fotot.jpg 1758w, https:\/\/diarioregionaldigital.com.br\/wp-content\/uploads\/2019\/11\/fotot-300x201.jpg 300w, https:\/\/diarioregionaldigital.com.br\/wp-content\/uploads\/2019\/11\/fotot-768x514.jpg 768w, https:\/\/diarioregionaldigital.com.br\/wp-content\/uploads\/2019\/11\/fotot-1024x685.jpg 1024w, https:\/\/diarioregionaldigital.com.br\/wp-content\/uploads\/2019\/11\/fotot-360x241.jpg 360w\" sizes=\"auto, (max-width: 680px) 100vw, 680px\" \/><p id=\"caption-attachment-151909\" class=\"wp-caption-text\">Carlos Ferreira, Ivanir Ferreira, Eduardo Gomes, Regina Ferreira<\/p><\/div>\n<div id=\"attachment_151910\" style=\"width: 690px\" class=\"wp-caption aligncenter\"><img loading=\"lazy\" decoding=\"async\" aria-describedby=\"caption-attachment-151910\" class=\"wp-image-151910\" src=\"https:\/\/diarioregionaldigital.com.br\/wp-content\/uploads\/2019\/11\/fotou.jpg\" alt=\"\" width=\"680\" height=\"451\" srcset=\"https:\/\/diarioregionaldigital.com.br\/wp-content\/uploads\/2019\/11\/fotou.jpg 1764w, https:\/\/diarioregionaldigital.com.br\/wp-content\/uploads\/2019\/11\/fotou-300x199.jpg 300w, https:\/\/diarioregionaldigital.com.br\/wp-content\/uploads\/2019\/11\/fotou-768x509.jpg 768w, https:\/\/diarioregionaldigital.com.br\/wp-content\/uploads\/2019\/11\/fotou-1024x679.jpg 1024w, https:\/\/diarioregionaldigital.com.br\/wp-content\/uploads\/2019\/11\/fotou-360x239.jpg 360w\" sizes=\"auto, (max-width: 680px) 100vw, 680px\" \/><p id=\"caption-attachment-151910\" class=\"wp-caption-text\">Kinho Lima, Eduardo Gomes, Marcelo Glasmann<\/p><\/div>\n<div id=\"attachment_151912\" style=\"width: 690px\" class=\"wp-caption aligncenter\"><img loading=\"lazy\" decoding=\"async\" aria-describedby=\"caption-attachment-151912\" class=\"wp-image-151912\" src=\"https:\/\/diarioregionaldigital.com.br\/wp-content\/uploads\/2019\/11\/fotox-e1574893459893.jpg\" alt=\"\" width=\"680\" height=\"471\" srcset=\"https:\/\/diarioregionaldigital.com.br\/wp-content\/uploads\/2019\/11\/fotox-e1574893459893.jpg 1161w, https:\/\/diarioregionaldigital.com.br\/wp-content\/uploads\/2019\/11\/fotox-e1574893459893-300x208.jpg 300w, https:\/\/diarioregionaldigital.com.br\/wp-content\/uploads\/2019\/11\/fotox-e1574893459893-768x533.jpg 768w, https:\/\/diarioregionaldigital.com.br\/wp-content\/uploads\/2019\/11\/fotox-e1574893459893-1024x710.jpg 1024w, https:\/\/diarioregionaldigital.com.br\/wp-content\/uploads\/2019\/11\/fotox-e1574893459893-360x250.jpg 360w, https:\/\/diarioregionaldigital.com.br\/wp-content\/uploads\/2019\/11\/fotox-e1574893459893-100x70.jpg 100w\" sizes=\"auto, (max-width: 680px) 100vw, 680px\" \/><p id=\"caption-attachment-151912\" class=\"wp-caption-text\">Helenise Machado, Beto Souza, Lidiane Stambassi, Erika Beire<\/p><\/div>\n<div id=\"attachment_151913\" style=\"width: 690px\" class=\"wp-caption aligncenter\"><img loading=\"lazy\" decoding=\"async\" aria-describedby=\"caption-attachment-151913\" class=\"wp-image-151913\" src=\"https:\/\/diarioregionaldigital.com.br\/wp-content\/uploads\/2019\/11\/fotoz.jpg\" alt=\"\" width=\"680\" height=\"503\" srcset=\"https:\/\/diarioregionaldigital.com.br\/wp-content\/uploads\/2019\/11\/fotoz.jpg 1582w, https:\/\/diarioregionaldigital.com.br\/wp-content\/uploads\/2019\/11\/fotoz-300x222.jpg 300w, https:\/\/diarioregionaldigital.com.br\/wp-content\/uploads\/2019\/11\/fotoz-768x568.jpg 768w, https:\/\/diarioregionaldigital.com.br\/wp-content\/uploads\/2019\/11\/fotoz-1024x757.jpg 1024w, https:\/\/diarioregionaldigital.com.br\/wp-content\/uploads\/2019\/11\/fotoz-360x266.jpg 360w\" sizes=\"auto, (max-width: 680px) 100vw, 680px\" \/><p id=\"caption-attachment-151913\" class=\"wp-caption-text\">Marc\u00edlio Gomes, Ivanir Ferreira, Neuza Marsicano<\/p><\/div>\n<div id=\"attachment_151911\" style=\"width: 690px\" class=\"wp-caption aligncenter\"><img loading=\"lazy\" decoding=\"async\" aria-describedby=\"caption-attachment-151911\" class=\"wp-image-151911\" src=\"https:\/\/diarioregionaldigital.com.br\/wp-content\/uploads\/2019\/11\/fotov.jpg\" alt=\"\" width=\"680\" height=\"459\" srcset=\"https:\/\/diarioregionaldigital.com.br\/wp-content\/uploads\/2019\/11\/fotov.jpg 1752w, https:\/\/diarioregionaldigital.com.br\/wp-content\/uploads\/2019\/11\/fotov-300x202.jpg 300w, https:\/\/diarioregionaldigital.com.br\/wp-content\/uploads\/2019\/11\/fotov-768x518.jpg 768w, https:\/\/diarioregionaldigital.com.br\/wp-content\/uploads\/2019\/11\/fotov-1024x691.jpg 1024w, https:\/\/diarioregionaldigital.com.br\/wp-content\/uploads\/2019\/11\/fotov-360x243.jpg 360w\" sizes=\"auto, (max-width: 680px) 100vw, 680px\" \/><p id=\"caption-attachment-151911\" class=\"wp-caption-text\">Jos\u00e9 Carlos Branco e Eduardo Gomes<\/p><\/div>\n<div id=\"attachment_151904\" style=\"width: 690px\" class=\"wp-caption aligncenter\"><img loading=\"lazy\" decoding=\"async\" aria-describedby=\"caption-attachment-151904\" class=\"wp-image-151904\" src=\"https:\/\/diarioregionaldigital.com.br\/wp-content\/uploads\/2019\/11\/foton-1.jpg\" alt=\"\" width=\"680\" height=\"453\" srcset=\"https:\/\/diarioregionaldigital.com.br\/wp-content\/uploads\/2019\/11\/foton-1.jpg 1776w, https:\/\/diarioregionaldigital.com.br\/wp-content\/uploads\/2019\/11\/foton-1-300x200.jpg 300w, https:\/\/diarioregionaldigital.com.br\/wp-content\/uploads\/2019\/11\/foton-1-768x511.jpg 768w, https:\/\/diarioregionaldigital.com.br\/wp-content\/uploads\/2019\/11\/foton-1-1024x682.jpg 1024w, https:\/\/diarioregionaldigital.com.br\/wp-content\/uploads\/2019\/11\/foton-1-360x240.jpg 360w\" sizes=\"auto, (max-width: 680px) 100vw, 680px\" \/><p id=\"caption-attachment-151904\" class=\"wp-caption-text\">Eduardo Gomes, Alex Martins, Paula e Adelaide Rodrigues, Myrliane Le\u00e3o<\/p><\/div>\n<p style=\"text-align: center;\"><strong>FOTOSS\u00cdNTESE<\/strong><\/p>\n<p>O Pal\u00e1cio Barbosa Lima da C\u00e2mara Municipal de Juiz de Fora ser\u00e1 cen\u00e1rio na 5\u00aa feira, 28, para a entrega da \u201cMedalha Nelson Silva\u201d. Dentre homenageados o jornalista Fernando Luiz Baldioti. Ser\u00e1 \u00e1s 19h30.<\/p>\n<p>Com show de Fernando Gaio, foi realizado no Casar\u00e3o a festa de encerramento das atividades do Novo Grupo da Amizade em 2019. Recebendo com eleg\u00e2ncia a coordenadora Regina Tostes.<\/p>\n<p>Ser\u00e1 no Olympo no dia 06 de dezembro, a bonita festa do Clube de Engenharia. O homenageado como Engenheiro do Ano ser\u00e1 Mauricio Weiss.<\/p>\n<p>Foi bel\u00edssimo a apresenta\u00e7\u00e3o do espet\u00e1culo das alunas do Studio Viva Dan\u00e7a no Cine Theatro Central como o tema \u201cO tempo que habita em mim\u201d. A dire\u00e7\u00e3o foi de Carolina Granato.<\/p>\n<p>No sofisticado coquetel na Conceito Sier marcaram presen\u00e7a: Cl\u00e1udio de Landa, Aline Vanelli, Luiz Duque, Felipe Matias, Aletheia Westermann, Flora Candian e Leonardo Campbell.<\/p>\n<p>Agendado para 01 de dezembro, \u00e1s 16h, no Cultural Bar mais um evento Sunset Sounds com o show dos geniais Flausino e Sideral com tema \u201cCantam Cazuza\u201d.<\/p>\n<p>Ser\u00e1 na 5\u00aa feira (28), na Cidade do Sol, a pen\u00faltima a\u00e7\u00e3o da Campanha Novembro Azul que a Suprema realiza junto as UBS sobre preven\u00e7\u00e3o do C\u00e2ncer de Pr\u00f3stata.<\/p>\n<p>Companheiro deste colunista na antiga TV Tiradentes no programa \u201cGente Nossa\u201d, o simp\u00e1tico jornalista William Boy est\u00e1 mobilizando sua tradicional campanha Comboio do Bem. Completando 19 anos, a arrecada\u00e7\u00e3o dos brinquedos ser\u00e3o distribu\u00eddos dia 06 de dezembro, no Educand\u00e1rio Carlos Chagas, Apae, Instituto Bruno, Escola Estadual Maria das Dores e Instituto Vit\u00f3ria.<\/p>\n<p>Para ser feliz: Procure vibrar com a intensidade de sua alma e em sintonia com os desejos, os enganos, as esperan\u00e7as, as desilus\u00f5es, o sentir, porque tudo faz parte deste mundo fant\u00e1stico chamado terra. Bom dia.<\/p>\n","protected":false},"excerpt":{"rendered":"<p>Social Usando como cen\u00e1rio o restaurante e bar \u201cCostelaria do Z\u00e9\u201d, no t\u00e9rreo do Trade Hotel, este colunista comemorou anivers\u00e1rio com muitos amigos e familiares. Na badalada noite com m\u00fasica ao vivo, e com muitos drinques e docinhos deliciosos e bolo tem\u00e1tico do Flamengo do Atelier Maria Pipoca, todos cantaram o \u201cParab\u00e9ns pra Voc\u00ea\u201d. As [&hellip;]<\/p>\n","protected":false},"author":96,"featured_media":151892,"comment_status":"closed","ping_status":"closed","sticky":false,"template":"","format":"standard","meta":{"footnotes":""},"categories":[264],"tags":[],"class_list":["post-151914","post","type-post","status-publish","format-standard","has-post-thumbnail","hentry","category-eduardo-gomes"],"_links":{"self":[{"href":"https:\/\/diarioregionaldigital.com.br\/index.php?rest_route=\/wp\/v2\/posts\/151914","targetHints":{"allow":["GET"]}}],"collection":[{"href":"https:\/\/diarioregionaldigital.com.br\/index.php?rest_route=\/wp\/v2\/posts"}],"about":[{"href":"https:\/\/diarioregionaldigital.com.br\/index.php?rest_route=\/wp\/v2\/types\/post"}],"author":[{"embeddable":true,"href":"https:\/\/diarioregionaldigital.com.br\/index.php?rest_route=\/wp\/v2\/users\/96"}],"replies":[{"embeddable":true,"href":"https:\/\/diarioregionaldigital.com.br\/index.php?rest_route=%2Fwp%2Fv2%2Fcomments&post=151914"}],"version-history":[{"count":0,"href":"https:\/\/diarioregionaldigital.com.br\/index.php?rest_route=\/wp\/v2\/posts\/151914\/revisions"}],"wp:featuredmedia":[{"embeddable":true,"href":"https:\/\/diarioregionaldigital.com.br\/index.php?rest_route=\/wp\/v2\/media\/151892"}],"wp:attachment":[{"href":"https:\/\/diarioregionaldigital.com.br\/index.php?rest_route=%2Fwp%2Fv2%2Fmedia&parent=151914"}],"wp:term":[{"taxonomy":"category","embeddable":true,"href":"https:\/\/diarioregionaldigital.com.br\/index.php?rest_route=%2Fwp%2Fv2%2Fcategories&post=151914"},{"taxonomy":"post_tag","embeddable":true,"href":"https:\/\/diarioregionaldigital.com.br\/index.php?rest_route=%2Fwp%2Fv2%2Ftags&post=151914"}],"curies":[{"name":"wp","href":"https:\/\/api.w.org\/{rel}","templated":true}]}}