{"id":151888,"date":"2019-11-27T18:48:01","date_gmt":"2019-11-27T20:48:01","guid":{"rendered":"https:\/\/diarioregionaldigital.com.br\/?p=151888"},"modified":"2019-11-27T18:48:31","modified_gmt":"2019-11-27T20:48:31","slug":"jogos-da-terceira-idade-tem-mais-quatro-modalidades-em-disputa-nesta-quinta-feira","status":"publish","type":"post","link":"https:\/\/diarioregionaldigital.com.br\/?p=151888","title":{"rendered":"\u201cJogos da Terceira Idade\u201d t\u00eam mais quatro modalidades em disputa nesta quinta-feira"},"content":{"rendered":"<p>Nesta quinta-feira (28), mais quatro modalidades estar\u00e3o em disputa nos &#8220;Jogos da Terceira Idade&#8221;. A partir das 09h:00, provas de damas e t\u00eanis de mesa, na Secretaria de Esporte e Lazer (SEL) da Prefeitura de Juiz de Fora (PJF). No mesmo dia, xadrez e peteca, no Servi\u00e7o Social do Com\u00e9rcio Juiz de Fora (Sesc\/JF), na Av. Bar\u00e3o do Rio Branco, 3.090, Centro. L\u00e1, as partidas come\u00e7ar\u00e3o \u00e0s 14h:00.<\/p>\n<p>Nessa \u00faltima ter\u00e7a-feira (26), o Sesc\/JF sediou outras duas modalidades: voleibol adaptado e buraco, onde a dupla da Associa\u00e7\u00e3o Atl\u00e9tica do Banco do Brasil (AABB), formada por Roberto Ad\u00e3o e Olivier Brito foi a campe\u00e3. No voleibol adaptado, AABB 1 e Sesc 2 se classificaram para a final, a ser disputada na ter\u00e7a-feira, 3 de dezembro, na quadra do Sesc\/JF, a partir das 13h:00. No mesmo dia, ocorrer\u00e1 tamb\u00e9m a final do boliche adaptado.<\/p>\n<p>Ap\u00f3s as partidas finais na ter\u00e7a-feira ocorrer\u00e1 a premia\u00e7\u00e3o dos campe\u00f5es das modalidades, seguida de confraterniza\u00e7\u00e3o entre os participantes dos jogos.<br \/>\n\u201cJogos da Terceira Idade.<\/p>\n<p>O evento \u00e9 organizado pela PJF, atrav\u00e9s da SEL, com parceria do Sesc, e tem como objetivo promover socializa\u00e7\u00e3o entre os idosos com idade superior a 55 anos, formalizando sua participa\u00e7\u00e3o em atividades esportivas.<\/p>\n<p><strong>Fonte:\u00a0<\/strong>Assessoria<\/p>\n","protected":false},"excerpt":{"rendered":"<p>Nesta quinta-feira (28), mais quatro modalidades estar\u00e3o em disputa nos &#8220;Jogos da Terceira Idade&#8221;. A partir das 09h:00, provas de damas e t\u00eanis de mesa, na Secretaria de Esporte e Lazer (SEL) da Prefeitura de Juiz de Fora (PJF). No mesmo dia, xadrez e peteca, no Servi\u00e7o Social do Com\u00e9rcio Juiz de Fora (Sesc\/JF), na [&hellip;]<\/p>\n","protected":false},"author":96,"featured_media":151889,"comment_status":"closed","ping_status":"closed","sticky":false,"template":"","format":"standard","meta":{"footnotes":""},"categories":[436,257,439],"tags":[],"class_list":["post-151888","post","type-post","status-publish","format-standard","has-post-thumbnail","hentry","category-destaque-da-semana","category-esporte","category-ultima-hora"],"_links":{"self":[{"href":"https:\/\/diarioregionaldigital.com.br\/index.php?rest_route=\/wp\/v2\/posts\/151888","targetHints":{"allow":["GET"]}}],"collection":[{"href":"https:\/\/diarioregionaldigital.com.br\/index.php?rest_route=\/wp\/v2\/posts"}],"about":[{"href":"https:\/\/diarioregionaldigital.com.br\/index.php?rest_route=\/wp\/v2\/types\/post"}],"author":[{"embeddable":true,"href":"https:\/\/diarioregionaldigital.com.br\/index.php?rest_route=\/wp\/v2\/users\/96"}],"replies":[{"embeddable":true,"href":"https:\/\/diarioregionaldigital.com.br\/index.php?rest_route=%2Fwp%2Fv2%2Fcomments&post=151888"}],"version-history":[{"count":0,"href":"https:\/\/diarioregionaldigital.com.br\/index.php?rest_route=\/wp\/v2\/posts\/151888\/revisions"}],"wp:featuredmedia":[{"embeddable":true,"href":"https:\/\/diarioregionaldigital.com.br\/index.php?rest_route=\/wp\/v2\/media\/151889"}],"wp:attachment":[{"href":"https:\/\/diarioregionaldigital.com.br\/index.php?rest_route=%2Fwp%2Fv2%2Fmedia&parent=151888"}],"wp:term":[{"taxonomy":"category","embeddable":true,"href":"https:\/\/diarioregionaldigital.com.br\/index.php?rest_route=%2Fwp%2Fv2%2Fcategories&post=151888"},{"taxonomy":"post_tag","embeddable":true,"href":"https:\/\/diarioregionaldigital.com.br\/index.php?rest_route=%2Fwp%2Fv2%2Ftags&post=151888"}],"curies":[{"name":"wp","href":"https:\/\/api.w.org\/{rel}","templated":true}]}}