{"id":151885,"date":"2019-11-27T18:37:24","date_gmt":"2019-11-27T20:37:24","guid":{"rendered":"https:\/\/diarioregionaldigital.com.br\/?p=151885"},"modified":"2019-11-27T18:37:24","modified_gmt":"2019-11-27T20:37:24","slug":"herois-do-futuro-meninas-do-futsal-participam-de-jogo-amistoso-na-ufjf","status":"publish","type":"post","link":"https:\/\/diarioregionaldigital.com.br\/?p=151885","title":{"rendered":"\u201cHer\u00f3is do Futuro\u201d &#8211; Meninas do futsal participam de jogo amistoso na UFJF"},"content":{"rendered":"<p>A tarde dessa ter\u00e7a-feira (26), foi de amistoso para as meninas do futsal do programa \u201cHer\u00f3is do Futuro\u201d. As alunas do professor Guto Gribel, que treinam na Escola Estadual (E. E.) \u201cSebasti\u00e3o Patrus de Souza\u201d jogaram contra as do projeto da Universidade Federal de Juiz de Fora (UFJF) na quadra da Faculdade de Educa\u00e7\u00e3o F\u00edsica e Desportos. De acordo com a supervisora do \u201cHer\u00f3is do Futuro\u201d, M\u00e1rlen Paradela, \u201capesar de terem perdido para as garotas da UFJF, as meninas sa\u00edram felizes. O momento foi de confraterniza\u00e7\u00e3o e fazer novas amizades.\u201d Para o professor Guto Gribel \u00e9 importante marcar amistosos assim, para manter a motiva\u00e7\u00e3o da equipe, j\u00e1 que n\u00e3o est\u00e1 em per\u00edodo de competi\u00e7\u00f5es.<\/p>\n<p><strong>\u201cHer\u00f3is do Futuro\u201d<\/strong><\/p>\n<p>Trabalha com inicia\u00e7\u00e3o esportiva em diversas modalidades, tais como futsal, v\u00f4lei, basquete e handebol, em escolas e em um clube. As equipes participam de competi\u00e7\u00f5es esportivas. Os hor\u00e1rios e locais est\u00e3o no link\u00a0www.pjf.mg.gov.br\/secretarias\/sel\/programas\/herois_futuro. Para inscri\u00e7\u00e3o, \u00e9 s\u00f3 comparecer na turma de interesse, com documento de identidade e atestado m\u00e9dico liberando para a pr\u00e1tica de exerc\u00edcio f\u00edsico.<\/p>\n<p>&nbsp;<\/p>\n<p><strong>Fonte:\u00a0<\/strong>Assessoria<\/p>\n","protected":false},"excerpt":{"rendered":"<p>A tarde dessa ter\u00e7a-feira (26), foi de amistoso para as meninas do futsal do programa \u201cHer\u00f3is do Futuro\u201d. As alunas do professor Guto Gribel, que treinam na Escola Estadual (E. E.) \u201cSebasti\u00e3o Patrus de Souza\u201d jogaram contra as do projeto da Universidade Federal de Juiz de Fora (UFJF) na quadra da Faculdade de Educa\u00e7\u00e3o F\u00edsica [&hellip;]<\/p>\n","protected":false},"author":96,"featured_media":151886,"comment_status":"closed","ping_status":"closed","sticky":false,"template":"","format":"standard","meta":{"footnotes":""},"categories":[436,257,439],"tags":[],"class_list":["post-151885","post","type-post","status-publish","format-standard","has-post-thumbnail","hentry","category-destaque-da-semana","category-esporte","category-ultima-hora"],"_links":{"self":[{"href":"https:\/\/diarioregionaldigital.com.br\/index.php?rest_route=\/wp\/v2\/posts\/151885","targetHints":{"allow":["GET"]}}],"collection":[{"href":"https:\/\/diarioregionaldigital.com.br\/index.php?rest_route=\/wp\/v2\/posts"}],"about":[{"href":"https:\/\/diarioregionaldigital.com.br\/index.php?rest_route=\/wp\/v2\/types\/post"}],"author":[{"embeddable":true,"href":"https:\/\/diarioregionaldigital.com.br\/index.php?rest_route=\/wp\/v2\/users\/96"}],"replies":[{"embeddable":true,"href":"https:\/\/diarioregionaldigital.com.br\/index.php?rest_route=%2Fwp%2Fv2%2Fcomments&post=151885"}],"version-history":[{"count":0,"href":"https:\/\/diarioregionaldigital.com.br\/index.php?rest_route=\/wp\/v2\/posts\/151885\/revisions"}],"wp:featuredmedia":[{"embeddable":true,"href":"https:\/\/diarioregionaldigital.com.br\/index.php?rest_route=\/wp\/v2\/media\/151886"}],"wp:attachment":[{"href":"https:\/\/diarioregionaldigital.com.br\/index.php?rest_route=%2Fwp%2Fv2%2Fmedia&parent=151885"}],"wp:term":[{"taxonomy":"category","embeddable":true,"href":"https:\/\/diarioregionaldigital.com.br\/index.php?rest_route=%2Fwp%2Fv2%2Fcategories&post=151885"},{"taxonomy":"post_tag","embeddable":true,"href":"https:\/\/diarioregionaldigital.com.br\/index.php?rest_route=%2Fwp%2Fv2%2Ftags&post=151885"}],"curies":[{"name":"wp","href":"https:\/\/api.w.org\/{rel}","templated":true}]}}