{"id":151882,"date":"2019-11-27T18:34:16","date_gmt":"2019-11-27T20:34:16","guid":{"rendered":"https:\/\/diarioregionaldigital.com.br\/?p=151882"},"modified":"2019-11-27T18:34:16","modified_gmt":"2019-11-27T20:34:16","slug":"pia-sundhage-anuncia-convocacao-para-jogos-preparatorios-de-dezembro","status":"publish","type":"post","link":"https:\/\/diarioregionaldigital.com.br\/?p=151882","title":{"rendered":"Pia Sundhage anuncia convoca\u00e7\u00e3o para jogos preparat\u00f3rios de dezembro"},"content":{"rendered":"<p>A t\u00e9cnica Pia Sundhage anunciou nessa quarta-feira (27) a lista das 27 atletas convocadas para o per\u00edodo de treinos e observa\u00e7\u00f5es da Sele\u00e7\u00e3o Feminina.\u00a0A convoca\u00e7\u00e3o atender\u00e1 tamb\u00e9m os dois pr\u00f3ximos jogos preparat\u00f3rios diante do M\u00e9xico, no dia 12 de dezembro, na Arena Corinthians, em S\u00e3o Paulo (SP), e no dia 15 na Fonte Luminosa, em Araraquara (SP).\u00a0As partidas ser\u00e3o disputadas em per\u00edodo\u00a0que n\u00e3o corresponde a Data FIFA.<\/p>\n<p>Entre as convocadas, nove novidades em rela\u00e7\u00e3o as listas j\u00e1 anunciadas pela treinadora sueca, as goleiras Luciana, Carla e Gabrielli, as defensoras Fernanda, Isabella e Bruna Calderan, a meia Gabi Zanotti, e as atacantes Cristiane e Maria Eduarda.<\/p>\n<p>A equipe iniciar\u00e1 a prepara\u00e7\u00e3o para os jogos preparat\u00f3rios no dia 2 de dezembro na Granja Comary, em Teres\u00f3polis.<\/p>\n<p>&nbsp;<\/p>\n<h3><span style=\"font-size: 14pt;\">Confira a lista de convocados:<\/span><br \/>\n<span style=\"font-size: 14pt;\"><strong>Goleiras:<\/strong><\/span><\/h3>\n<p>Let\u00edcia &#8211;\u00a0Corinthians (Brasil)<\/p>\n<p>Luciana &#8211; Ferrovi\u00e1ria (Brasil)<\/p>\n<p>Carla &#8211; S\u00e3o Paulo (Brasil)<\/p>\n<p>Gabrielli &#8211; Flamengo (Brasil)<\/p>\n<h4><span style=\"font-size: 14pt;\"><strong>Defensoras:<\/strong><\/span><\/h4>\n<p>Tamires -Corinthians (Brasil)<\/p>\n<p>Fernanda &#8211; Flamengo (Brasil)<\/p>\n<p>Erika &#8211; Corinthians (Brasil)<\/p>\n<p>Rafaelle -Changchun Dazhong (China)<\/p>\n<p>Bruna Benites &#8211; Internacional (Brasil)<\/p>\n<p>Tayla &#8211; Benfica (Portugal)<\/p>\n<p>Kathellen &#8211; FC\u00a0Bordeaux (Fran\u00e7a)<\/p>\n<p>Isabella &#8211; Palmeiras (Brasil)<\/p>\n<p>Giovanna &#8211; Avaldsnes (Noruega)<\/p>\n<p>Bruna Calderan &#8211; Ava\u00ed\/Kindermann (Brasil)<\/p>\n<p><strong>Meio-campistas:<\/strong><\/p>\n<p>Fabiana &#8211; Internacional (Brasil)<\/p>\n<p>Luana &#8211;\u00a0KSPO Women Football Team (Coreia do Sul)<\/p>\n<p>Gabi Zanotti &#8211; Corinthians (Brasil)<\/p>\n<p>Aline Milene &#8211; Ferrovi\u00e1ria (Brasil)<\/p>\n<p>Debinha &#8211;\u00a0North Carolina Courage (EUA)<\/p>\n<p>Poliana &#8211; S\u00e3o Jos\u00e9 (Brasil)<\/p>\n<p>Andressinha &#8211; Portland Thorns FC (EUA)<\/p>\n<p>Ch\u00fa &#8211; Changchun Dazhong (China)<\/p>\n<h4><span style=\"font-size: 14pt;\"><strong>Atacantes:<\/strong><\/span><\/h4>\n<p><span style=\"font-size: 12pt;\">Cristiane &#8211; S\u00e3o Paulo (Brasil)\u00a0<\/span><\/p>\n<p><span style=\"font-size: 12pt;\">Millene &#8211; Corinthians (Brasil)\u00a0<\/span><\/p>\n<p><span style=\"font-size: 12pt;\">Vict\u00f3ria\u00a0&#8211; Corinthians (Brasil)\u00a0<\/span><\/p>\n<p><span style=\"font-size: 12pt;\">Duda &#8211; Avaldsnes Il (Noruega)\u00a0<\/span><\/p>\n<p><span style=\"font-size: 12pt;\">Bia Zaneratto\u00a0&#8211;\u00a0Incheon Hyundai Steel Red Angels (Coreia do Sul)<\/span><\/p>\n<p>&nbsp;<\/p>\n<p><strong>Fonte:<\/strong>\u00a0CBF<\/p>\n<p>&nbsp;<\/p>\n","protected":false},"excerpt":{"rendered":"<p>A t\u00e9cnica Pia Sundhage anunciou nessa quarta-feira (27) a lista das 27 atletas convocadas para o per\u00edodo de treinos e observa\u00e7\u00f5es da Sele\u00e7\u00e3o Feminina.\u00a0A convoca\u00e7\u00e3o atender\u00e1 tamb\u00e9m os dois pr\u00f3ximos jogos preparat\u00f3rios diante do M\u00e9xico, no dia 12 de dezembro, na Arena Corinthians, em S\u00e3o Paulo (SP), e no dia 15 na Fonte Luminosa, em [&hellip;]<\/p>\n","protected":false},"author":96,"featured_media":151883,"comment_status":"closed","ping_status":"closed","sticky":false,"template":"","format":"standard","meta":{"footnotes":""},"categories":[436,257,439],"tags":[],"class_list":["post-151882","post","type-post","status-publish","format-standard","has-post-thumbnail","hentry","category-destaque-da-semana","category-esporte","category-ultima-hora"],"_links":{"self":[{"href":"https:\/\/diarioregionaldigital.com.br\/index.php?rest_route=\/wp\/v2\/posts\/151882","targetHints":{"allow":["GET"]}}],"collection":[{"href":"https:\/\/diarioregionaldigital.com.br\/index.php?rest_route=\/wp\/v2\/posts"}],"about":[{"href":"https:\/\/diarioregionaldigital.com.br\/index.php?rest_route=\/wp\/v2\/types\/post"}],"author":[{"embeddable":true,"href":"https:\/\/diarioregionaldigital.com.br\/index.php?rest_route=\/wp\/v2\/users\/96"}],"replies":[{"embeddable":true,"href":"https:\/\/diarioregionaldigital.com.br\/index.php?rest_route=%2Fwp%2Fv2%2Fcomments&post=151882"}],"version-history":[{"count":0,"href":"https:\/\/diarioregionaldigital.com.br\/index.php?rest_route=\/wp\/v2\/posts\/151882\/revisions"}],"wp:featuredmedia":[{"embeddable":true,"href":"https:\/\/diarioregionaldigital.com.br\/index.php?rest_route=\/wp\/v2\/media\/151883"}],"wp:attachment":[{"href":"https:\/\/diarioregionaldigital.com.br\/index.php?rest_route=%2Fwp%2Fv2%2Fmedia&parent=151882"}],"wp:term":[{"taxonomy":"category","embeddable":true,"href":"https:\/\/diarioregionaldigital.com.br\/index.php?rest_route=%2Fwp%2Fv2%2Fcategories&post=151882"},{"taxonomy":"post_tag","embeddable":true,"href":"https:\/\/diarioregionaldigital.com.br\/index.php?rest_route=%2Fwp%2Fv2%2Ftags&post=151882"}],"curies":[{"name":"wp","href":"https:\/\/api.w.org\/{rel}","templated":true}]}}