{"id":151870,"date":"2019-11-27T17:18:16","date_gmt":"2019-11-27T19:18:16","guid":{"rendered":"https:\/\/diarioregionaldigital.com.br\/?p=151870"},"modified":"2019-11-27T17:18:16","modified_gmt":"2019-11-27T19:18:16","slug":"camara-aprova-mp-que-cria-o-programa-medicos-pelo-brasil","status":"publish","type":"post","link":"https:\/\/diarioregionaldigital.com.br\/?p=151870","title":{"rendered":"C\u00e2mara aprova MP que cria o programa M\u00e9dicos pelo Brasil"},"content":{"rendered":"<p>O Plen\u00e1rio da C\u00e2mara dos Deputados aprovou a Medida Provis\u00f3ria (MP) 890\/19, que cria o Programa M\u00e9dicos pelo Brasil para substituir o Mais M\u00e9dicos, em vigor desde 2013, com o objetivo de ampliar a oferta de servi\u00e7os m\u00e9dicos em locais afastados ou com popula\u00e7\u00e3o de alta vulnerabilidade. A medida foi aprovada por 391 votos favor\u00e1veis a 6 votos contr\u00e1rios.<\/p>\n<p>O texto aprovado \u00e9 o projeto de lei de convers\u00e3o de autoria do relator na comiss\u00e3o mista, senador Conf\u00facio Moura (MDB-RO), que prop\u00f5e a reincorpora\u00e7\u00e3o ao programa dos m\u00e9dicos cubanos por dois anos.<\/p>\n<p>Poder\u00e3o pedir a reincorpora\u00e7\u00e3o aqueles que estavam em atua\u00e7\u00e3o no Brasil no dia 13 de novembro de 2018 e tenham permanecido no Pa\u00eds ap\u00f3s o\u00a0rompimento do acordo\u00a0entre Cuba e a Organiza\u00e7\u00e3o Pan-Americana da Sa\u00fade, que intermediou a vinda dos profissionais cubanos ao Brasil.<\/p>\n<p>Antes da vota\u00e7\u00e3o do m\u00e9rito, o Plen\u00e1rio rejeitou, por 303 votos a 103, pedido de prefer\u00eancia a outro texto, de autoria do Psol, que mantinha a gest\u00e3o do programa na Secretaria de Aten\u00e7\u00e3o Prim\u00e1ria \u00e0 Sa\u00fade do Minist\u00e9rio da Sa\u00fade em vez de como proposto pela MP, que remete a gest\u00e3o \u00e0 agora criada Ag\u00eancia para o Desenvolvimento da Aten\u00e7\u00e3o Prim\u00e1ria \u00e0 Sa\u00fade (Adaps).<\/p>\n<p>De acordo com o texto, a ag\u00eancia funcionar\u00e1 na forma de servi\u00e7o social aut\u00f4nomo, com personalidade jur\u00eddica de direito privado sem fins lucrativos. Os deputados analisam agora destaques que podem alterar pontos da MP.<\/p>\n<h2><span style=\"font-size: 12pt;\">Revalida<\/span><\/h2>\n<p>Mais cedo, o Plen\u00e1rio da C\u00e2mara aprovou proposta que regulamenta o Revalida, programa de revalida\u00e7\u00e3o de diplomas de m\u00e9dicos formados no exterior. O texto aprovado \u00e9 um substitutivo do deputado Ricardo Barros (PP-PR) para o Projeto de Lei 4067\/15, do Senado.<\/p>\n<p>Segundo o texto, poder\u00e3o participar do programa, que ter\u00e1 duas edi\u00e7\u00f5es a cada ano, faculdades privadas com cursos de Medicina que tenham nota de avalia\u00e7\u00e3o 4 ou 5 no Exame Nacional de Desempenho dos Estudantes (Enade). O programa ser\u00e1 acompanhado pelo Conselho Federal de Medicina (CFM). O projeto segue para nova an\u00e1lise no Senado.<\/p>\n<p><strong>\u00a0<\/strong><\/p>\n","protected":false},"excerpt":{"rendered":"<p>O Plen\u00e1rio da C\u00e2mara dos Deputados aprovou a Medida Provis\u00f3ria (MP) 890\/19, que cria o Programa M\u00e9dicos pelo Brasil para substituir o Mais M\u00e9dicos, em vigor desde 2013, com o objetivo de ampliar a oferta de servi\u00e7os m\u00e9dicos em locais afastados ou com popula\u00e7\u00e3o de alta vulnerabilidade. A medida foi aprovada por 391 votos favor\u00e1veis [&hellip;]<\/p>\n","protected":false},"author":96,"featured_media":151871,"comment_status":"closed","ping_status":"closed","sticky":false,"template":"","format":"standard","meta":{"footnotes":""},"categories":[436,254,439],"tags":[],"class_list":["post-151870","post","type-post","status-publish","format-standard","has-post-thumbnail","hentry","category-destaque-da-semana","category-politica","category-ultima-hora"],"_links":{"self":[{"href":"https:\/\/diarioregionaldigital.com.br\/index.php?rest_route=\/wp\/v2\/posts\/151870","targetHints":{"allow":["GET"]}}],"collection":[{"href":"https:\/\/diarioregionaldigital.com.br\/index.php?rest_route=\/wp\/v2\/posts"}],"about":[{"href":"https:\/\/diarioregionaldigital.com.br\/index.php?rest_route=\/wp\/v2\/types\/post"}],"author":[{"embeddable":true,"href":"https:\/\/diarioregionaldigital.com.br\/index.php?rest_route=\/wp\/v2\/users\/96"}],"replies":[{"embeddable":true,"href":"https:\/\/diarioregionaldigital.com.br\/index.php?rest_route=%2Fwp%2Fv2%2Fcomments&post=151870"}],"version-history":[{"count":0,"href":"https:\/\/diarioregionaldigital.com.br\/index.php?rest_route=\/wp\/v2\/posts\/151870\/revisions"}],"wp:featuredmedia":[{"embeddable":true,"href":"https:\/\/diarioregionaldigital.com.br\/index.php?rest_route=\/wp\/v2\/media\/151871"}],"wp:attachment":[{"href":"https:\/\/diarioregionaldigital.com.br\/index.php?rest_route=%2Fwp%2Fv2%2Fmedia&parent=151870"}],"wp:term":[{"taxonomy":"category","embeddable":true,"href":"https:\/\/diarioregionaldigital.com.br\/index.php?rest_route=%2Fwp%2Fv2%2Fcategories&post=151870"},{"taxonomy":"post_tag","embeddable":true,"href":"https:\/\/diarioregionaldigital.com.br\/index.php?rest_route=%2Fwp%2Fv2%2Ftags&post=151870"}],"curies":[{"name":"wp","href":"https:\/\/api.w.org\/{rel}","templated":true}]}}