{"id":151861,"date":"2019-11-27T16:50:43","date_gmt":"2019-11-27T18:50:43","guid":{"rendered":"https:\/\/diarioregionaldigital.com.br\/?p=151861"},"modified":"2019-11-27T16:50:43","modified_gmt":"2019-11-27T18:50:43","slug":"pjf-inicia-curso-de-formacao-para-agentes-de-transporte-e-transito","status":"publish","type":"post","link":"https:\/\/diarioregionaldigital.com.br\/?p=151861","title":{"rendered":"PJF inicia curso de forma\u00e7\u00e3o para agentes de transporte e tr\u00e2nsito"},"content":{"rendered":"<p>Temas como dire\u00e7\u00e3o defensiva, engenharia, opera\u00e7\u00e3o e fiscaliza\u00e7\u00e3o de tr\u00e2nsito e legisla\u00e7\u00e3o de transportes, entre outros, est\u00e3o sendo abordados no Curso de Forma\u00e7\u00e3o para Agentes de Transporte e Tr\u00e2nsito (Cfatt), iniciado esta semana na Escola de Governo Municipal. As aulas foram solicitadas pela Secretaria de Transporte e Tr\u00e2nsito (Settra) da Prefeitura de Juiz de Fora (PJF), e desenvolvidas pela Secretaria de Administra\u00e7\u00e3o e Recursos Humanos (SARH), atrav\u00e9s do Departamento de Desenvolvimento do Servidor, da Subsecretaria de Desenvolvimento Institucional (SSDI).<\/p>\n<p>O treinamento conta com carga de 108 horas\/aula, sendo sete unidades de conte\u00fado. Os agentes tamb\u00e9m ter\u00e3o m\u00f3dulo de primeiros socorros no Corpo de Bombeiros Militar de Minas Gerais (CBMMG). O curso tem o objetivo de formar os agentes de transporte e tr\u00e2nsito convocados no concurso p\u00fablico (Edital n\u00ba 3\/2016 &#8211; SARH). A capacita\u00e7\u00e3o vai at\u00e9 18 de dezembro.<\/p>\n<p>&nbsp;<\/p>\n<p><strong>Fonte:<\/strong>\u00a0Assessoria<\/p>\n","protected":false},"excerpt":{"rendered":"<p>Temas como dire\u00e7\u00e3o defensiva, engenharia, opera\u00e7\u00e3o e fiscaliza\u00e7\u00e3o de tr\u00e2nsito e legisla\u00e7\u00e3o de transportes, entre outros, est\u00e3o sendo abordados no Curso de Forma\u00e7\u00e3o para Agentes de Transporte e Tr\u00e2nsito (Cfatt), iniciado esta semana na Escola de Governo Municipal. As aulas foram solicitadas pela Secretaria de Transporte e Tr\u00e2nsito (Settra) da Prefeitura de Juiz de Fora [&hellip;]<\/p>\n","protected":false},"author":96,"featured_media":151862,"comment_status":"closed","ping_status":"closed","sticky":false,"template":"","format":"standard","meta":{"footnotes":""},"categories":[253,436,439],"tags":[],"class_list":["post-151861","post","type-post","status-publish","format-standard","has-post-thumbnail","hentry","category-cidade","category-destaque-da-semana","category-ultima-hora"],"_links":{"self":[{"href":"https:\/\/diarioregionaldigital.com.br\/index.php?rest_route=\/wp\/v2\/posts\/151861","targetHints":{"allow":["GET"]}}],"collection":[{"href":"https:\/\/diarioregionaldigital.com.br\/index.php?rest_route=\/wp\/v2\/posts"}],"about":[{"href":"https:\/\/diarioregionaldigital.com.br\/index.php?rest_route=\/wp\/v2\/types\/post"}],"author":[{"embeddable":true,"href":"https:\/\/diarioregionaldigital.com.br\/index.php?rest_route=\/wp\/v2\/users\/96"}],"replies":[{"embeddable":true,"href":"https:\/\/diarioregionaldigital.com.br\/index.php?rest_route=%2Fwp%2Fv2%2Fcomments&post=151861"}],"version-history":[{"count":0,"href":"https:\/\/diarioregionaldigital.com.br\/index.php?rest_route=\/wp\/v2\/posts\/151861\/revisions"}],"wp:featuredmedia":[{"embeddable":true,"href":"https:\/\/diarioregionaldigital.com.br\/index.php?rest_route=\/wp\/v2\/media\/151862"}],"wp:attachment":[{"href":"https:\/\/diarioregionaldigital.com.br\/index.php?rest_route=%2Fwp%2Fv2%2Fmedia&parent=151861"}],"wp:term":[{"taxonomy":"category","embeddable":true,"href":"https:\/\/diarioregionaldigital.com.br\/index.php?rest_route=%2Fwp%2Fv2%2Fcategories&post=151861"},{"taxonomy":"post_tag","embeddable":true,"href":"https:\/\/diarioregionaldigital.com.br\/index.php?rest_route=%2Fwp%2Fv2%2Ftags&post=151861"}],"curies":[{"name":"wp","href":"https:\/\/api.w.org\/{rel}","templated":true}]}}