{"id":151855,"date":"2019-11-27T16:23:06","date_gmt":"2019-11-27T18:23:06","guid":{"rendered":"https:\/\/diarioregionaldigital.com.br\/?p=151855"},"modified":"2019-11-27T16:23:06","modified_gmt":"2019-11-27T18:23:06","slug":"onibus-extras-estarao-a-disposicao-para-inscritos-do-pism-2020","status":"publish","type":"post","link":"https:\/\/diarioregionaldigital.com.br\/?p=151855","title":{"rendered":"\u00d4nibus extras estar\u00e3o \u00e0 disposi\u00e7\u00e3o para inscritos do PISM 2020"},"content":{"rendered":"<p>A Secretaria de Transportes e Tr\u00e2nsito (Settra), anunciou que disponibilizar\u00e1 \u00f4nibus extras para os dois dias de realiza\u00e7\u00e3o do Programa de Ingresso Seletivo Misto (PISM) 2020. Segundo a secretaria, 3 linhas ter\u00e3o suporte de carros extras: 545 e 555 \u2013 Universidade e 755 \u2013 Zona Norte\/Universidade Federal de Juiz de Fora (UFJF).<\/p>\n<p>A linha 545 come\u00e7ar\u00e1 a circular com um carro a partir das 09h:00. \u00c0s 10h30, mais sete ve\u00edculos far\u00e3o o trajeto, at\u00e9 as 13h:00. J\u00e1 \u00e0s 15h30, outros quatro seguir\u00e3o para Centro, at\u00e9 as 18h:00:<br \/>\nA 755 circular\u00e1 com um carro, com sa\u00edda do Bairro Santa L\u00facia \u00e0s 10h30 e recolhendo na UFJF \u00e0s 11h55. A sa\u00edda da UFJF em dire\u00e7\u00e3o \u00e0 zona norte ser\u00e1 \u00e0s 18h30:<\/p>\n<p><strong>UFJF\/Centro:<\/strong>\u00a0Rua local da UFJF\/Faculdade de Educa\u00e7\u00e3o F\u00edsica &#8211; ponto final, rua local da UFJF, Avenida Presidente Itamar Franco, Travessa Doutor Prisco, Rua Jo\u00e3o Pessoa de Rezende, Avenida Francisco Bernardino, Rua S\u00e3o Sebasti\u00e3o, Avenida Presidente Get\u00falio Vargas n\u00b0 n\u00famero 251 (ponto final).<\/p>\n<p><strong>Centro\/UFJF:<\/strong>\u00a0Avenida Presidente Get\u00falio Vargas, 251 (ponto final), Avenida Presidente Itamar Franco, Rua Local da UFJF Faculdades de Medicina, Economia, Novo ICH, Direito, Letras, Engenharia, Rua Local da UFJF Faculdade de Educa\u00e7\u00e3o F\u00edsica \u2013 Ponto Final.<\/p>\n<p><strong>UFJF\/Centro:<\/strong>\u00a0Rua local da UFJF\/Faculdade de Medicina, rua local da UFJF\/Faculdade de Economia, rua local da UFJF\/Novo Instituto de Ci\u00eancias Humanas (ICH)\/Engenharia, rua local da UFJF, Rua Jos\u00e9 Louren\u00e7o Kelmer, Rua Engenheiro Gentil Forn, Rua Engenheiro Jos\u00e9 Carlos Moraes Sarmento, Avenida dos Andradas, Rua Silva Jardim, Avenida Bar\u00e3o do Rio Branco, Rua Afonso Pinto da Mota, Avenida Presidente Get\u00falio Vargas, Travessa Doutor Prisco, Rua Jo\u00e3o Pessoa de Rezende, Avenida Francisco Bernardino, Rua Benjamin Constant no 790 (MAMM)-Ponto Final. Centro\/UFJF: Rua Benjamin Constant no 790 (MAMM) &#8211; Ponto Final, Rua Santo Ant\u00f4nio, Rua Paula Lima, Avenida dos Andradas, Rua Engenheiro Jos\u00e9 Carlos Moraes Sarmento, Estrada Engenheiro Gentil Forn, Rua Jos\u00e9 Louren\u00e7o Kelmer, Rua Local da UFJF, Faculdades de Medicina Ponto Final.<\/p>\n<p>Rua Jos\u00e9 Louren\u00e7o Kelmer, P\u00f3rtico Norte (UFJF), anel vi\u00e1rio da UFJF, rua local da UFJF\/Faculdade de Arquitetura e Engenharia, rua local da UFJF, anel Vi\u00e1rio da UFJF, rua local da UFJF, Odontologia, Enfermagem, Farm\u00e1cia, Bioqu\u00edmica, rua local Da UFJF, Novo Instituto De Ci\u00eancias Humanas (ICH) &#8211; Retorna, rua local da Ufjf, Anel Vi\u00e1rio da UFJF (ponto final).<\/p>\n<p><strong>PISM 2020<\/strong><\/p>\n<p>Na edi\u00e7\u00e3o deste ano, o PISM bateu novo recorde, ao receber mais de 40 mil estudantes inscritos de todas as regi\u00f5es do pa\u00eds. A medida que o dia da prova vai se aproximando, os candidatos devem estar atentos \u00e0 algumas quest\u00f5es, entre elas o local de realiza\u00e7\u00e3o do exame, sendo que Juiz de Fora ter\u00e1 34 entidades dispon\u00edveis incluindo escolas, institutos e faculdades. O exame ser\u00e1 realizado tamb\u00e9m nas cidades de Governador Valadares, Muria\u00e9, Petr\u00f3polis e Volta Redonda.<\/p>\n<p>Os candidatos devem imprimir e conferir o comprovante de inscri\u00e7\u00e3o, que est\u00e1 dispon\u00edvel no site www.ingresso.ufjf.br.<\/p>\n<p>&nbsp;<\/p>\n","protected":false},"excerpt":{"rendered":"<p>A Secretaria de Transportes e Tr\u00e2nsito (Settra), anunciou que disponibilizar\u00e1 \u00f4nibus extras para os dois dias de realiza\u00e7\u00e3o do Programa de Ingresso Seletivo Misto (PISM) 2020. Segundo a secretaria, 3 linhas ter\u00e3o suporte de carros extras: 545 e 555 \u2013 Universidade e 755 \u2013 Zona Norte\/Universidade Federal de Juiz de Fora (UFJF). A linha 545 [&hellip;]<\/p>\n","protected":false},"author":96,"featured_media":151856,"comment_status":"closed","ping_status":"closed","sticky":false,"template":"","format":"standard","meta":{"footnotes":""},"categories":[253,436,440,439],"tags":[],"class_list":["post-151855","post","type-post","status-publish","format-standard","has-post-thumbnail","hentry","category-cidade","category-destaque-da-semana","category-destaques-do-dia","category-ultima-hora"],"_links":{"self":[{"href":"https:\/\/diarioregionaldigital.com.br\/index.php?rest_route=\/wp\/v2\/posts\/151855","targetHints":{"allow":["GET"]}}],"collection":[{"href":"https:\/\/diarioregionaldigital.com.br\/index.php?rest_route=\/wp\/v2\/posts"}],"about":[{"href":"https:\/\/diarioregionaldigital.com.br\/index.php?rest_route=\/wp\/v2\/types\/post"}],"author":[{"embeddable":true,"href":"https:\/\/diarioregionaldigital.com.br\/index.php?rest_route=\/wp\/v2\/users\/96"}],"replies":[{"embeddable":true,"href":"https:\/\/diarioregionaldigital.com.br\/index.php?rest_route=%2Fwp%2Fv2%2Fcomments&post=151855"}],"version-history":[{"count":0,"href":"https:\/\/diarioregionaldigital.com.br\/index.php?rest_route=\/wp\/v2\/posts\/151855\/revisions"}],"wp:featuredmedia":[{"embeddable":true,"href":"https:\/\/diarioregionaldigital.com.br\/index.php?rest_route=\/wp\/v2\/media\/151856"}],"wp:attachment":[{"href":"https:\/\/diarioregionaldigital.com.br\/index.php?rest_route=%2Fwp%2Fv2%2Fmedia&parent=151855"}],"wp:term":[{"taxonomy":"category","embeddable":true,"href":"https:\/\/diarioregionaldigital.com.br\/index.php?rest_route=%2Fwp%2Fv2%2Fcategories&post=151855"},{"taxonomy":"post_tag","embeddable":true,"href":"https:\/\/diarioregionaldigital.com.br\/index.php?rest_route=%2Fwp%2Fv2%2Ftags&post=151855"}],"curies":[{"name":"wp","href":"https:\/\/api.w.org\/{rel}","templated":true}]}}