{"id":151779,"date":"2019-11-26T15:31:28","date_gmt":"2019-11-26T17:31:28","guid":{"rendered":"https:\/\/diarioregionaldigital.com.br\/?p=151779"},"modified":"2019-11-26T15:31:28","modified_gmt":"2019-11-26T17:31:28","slug":"jovem-e-preso-por-roubo-no-bairro-bom-jardim","status":"publish","type":"post","link":"https:\/\/diarioregionaldigital.com.br\/?p=151779","title":{"rendered":"Jovem \u00e9 preso por roubo no bairro Bom Jardim"},"content":{"rendered":"<p>A Pol\u00edcia Militar (PM) prendeu nessa segunda-feira (25) um jovem de 18 anos por roubo a transeunte. Este crime \u00e9 \u00a0caracterizado por assalto a indiv\u00edduos que s\u00e3o abordados enquanto transitam em vias p\u00fablicas com subtra\u00e7\u00e3o de pertences de forma violenta.<\/p>\n<p>Durante o R\u00e1diopatrulhamento T\u00e1tico M\u00f3vel, a PM recebeu uma ocorr\u00eancia de roubo no bairro Bom Jardim (Regi\u00e3o Leste), onde 3 indiv\u00edduos teriam rendido a v\u00edtima e roubaram uma grande quantia em dinheiro e tamb\u00e9m o celular.<\/p>\n<p>A PM realizou rastreamento e localizaram um dos suspeitos em sua resid\u00eancia no bairro Santa Rita (Regi\u00e3o Leste), onde foram encontrados uma pistola Taurus calibre .380 com carregador vazio, 1 simulacro de PT, 1 aparelho celular e 1 blusa de cor preta e cinza, este vestu\u00e1rio foi reconhecida pela v\u00edtima como sendo do autor do roubo. Ela tamb\u00e9m reconheceu as caracter\u00edsticas do suspeito.<\/p>\n<p>Ele declarou que a arma seria de um outro indiv\u00edduo mas o mesmo n\u00e3o foi localizado. O autor do crime foi preso e foi conduzido at\u00e9 a delegacia, junto com o material recolhido pela PM.<\/p>\n<p>&nbsp;<\/p>\n","protected":false},"excerpt":{"rendered":"<p>A Pol\u00edcia Militar (PM) prendeu nessa segunda-feira (25) um jovem de 18 anos por roubo a transeunte. Este crime \u00e9 \u00a0caracterizado por assalto a indiv\u00edduos que s\u00e3o abordados enquanto transitam em vias p\u00fablicas com subtra\u00e7\u00e3o de pertences de forma violenta. Durante o R\u00e1diopatrulhamento T\u00e1tico M\u00f3vel, a PM recebeu uma ocorr\u00eancia de roubo no bairro Bom [&hellip;]<\/p>\n","protected":false},"author":96,"featured_media":151780,"comment_status":"closed","ping_status":"closed","sticky":false,"template":"","format":"standard","meta":{"footnotes":""},"categories":[253,436,440,439],"tags":[],"class_list":["post-151779","post","type-post","status-publish","format-standard","has-post-thumbnail","hentry","category-cidade","category-destaque-da-semana","category-destaques-do-dia","category-ultima-hora"],"_links":{"self":[{"href":"https:\/\/diarioregionaldigital.com.br\/index.php?rest_route=\/wp\/v2\/posts\/151779","targetHints":{"allow":["GET"]}}],"collection":[{"href":"https:\/\/diarioregionaldigital.com.br\/index.php?rest_route=\/wp\/v2\/posts"}],"about":[{"href":"https:\/\/diarioregionaldigital.com.br\/index.php?rest_route=\/wp\/v2\/types\/post"}],"author":[{"embeddable":true,"href":"https:\/\/diarioregionaldigital.com.br\/index.php?rest_route=\/wp\/v2\/users\/96"}],"replies":[{"embeddable":true,"href":"https:\/\/diarioregionaldigital.com.br\/index.php?rest_route=%2Fwp%2Fv2%2Fcomments&post=151779"}],"version-history":[{"count":0,"href":"https:\/\/diarioregionaldigital.com.br\/index.php?rest_route=\/wp\/v2\/posts\/151779\/revisions"}],"wp:featuredmedia":[{"embeddable":true,"href":"https:\/\/diarioregionaldigital.com.br\/index.php?rest_route=\/wp\/v2\/media\/151780"}],"wp:attachment":[{"href":"https:\/\/diarioregionaldigital.com.br\/index.php?rest_route=%2Fwp%2Fv2%2Fmedia&parent=151779"}],"wp:term":[{"taxonomy":"category","embeddable":true,"href":"https:\/\/diarioregionaldigital.com.br\/index.php?rest_route=%2Fwp%2Fv2%2Fcategories&post=151779"},{"taxonomy":"post_tag","embeddable":true,"href":"https:\/\/diarioregionaldigital.com.br\/index.php?rest_route=%2Fwp%2Fv2%2Ftags&post=151779"}],"curies":[{"name":"wp","href":"https:\/\/api.w.org\/{rel}","templated":true}]}}