{"id":151755,"date":"2019-11-26T06:00:47","date_gmt":"2019-11-26T08:00:47","guid":{"rendered":"https:\/\/diarioregionaldigital.com.br\/?p=151755"},"modified":"2019-11-25T20:24:39","modified_gmt":"2019-11-25T22:24:39","slug":"a-criacao-da-natureza-e-a-posicao-do-homem-2","status":"publish","type":"post","link":"https:\/\/diarioregionaldigital.com.br\/?p=151755","title":{"rendered":"A cria\u00e7\u00e3o da natureza e a posi\u00e7\u00e3o do homem"},"content":{"rendered":"<p style=\"text-align: center;\"><strong>A cria\u00e7\u00e3o da natureza e a posi\u00e7\u00e3o do homem<\/strong><\/p>\n<p>A raz\u00e3o de o ser humano A cria\u00e7\u00e3o da Grande Natureza \u00e9 um autodesdobramento da Palavra de Deus. O homem tamb\u00e9m se inclui nesse autodesdobramento. \u00c9 esta a raz\u00e3o pela qual a sutra sagrada Chuva de N\u00e9ctar da Verdade registra: &#8220;Quando a Mente deste Deus onipotente, deste Deus perfeito, entra em vibra\u00e7\u00e3o e se torna Palavra, desenvolve-se todo Fen\u00f4meno e todas as coisas passam a ser um erro acreditar que Deus Se manifesta em determinado local da Grande Natureza, e que seja uma esp\u00e9cie de Ser vivo espiritual isolado. O Deus Criador n\u00e3o \u00e9 um ser relativo, mas um Ser absoluto, universal. Por isso, o Deus Criador transcende todo e qualquer tipo de restri\u00e7\u00e3o. Sendo a Ess\u00eancia prim\u00e1ria do Universo, Deus n\u00e3o \u00e9 possuidor de um corpo; e Sua Palavra \u00e9 a vibra\u00e7\u00e3o do Seu pensamento espiritual. Deus cria todas as coisas e fatos somente com o Seu &#8220;pensamento espiritual&#8221;. Quando se diz que &#8220;Deus pensa&#8221;, isso quer dizer que Deus emite a Palavra, que Deus cria. Para Deus, o pensamento \u00e9 simultaneamente cria\u00e7\u00e3o e a\u00e7\u00e3o. Isso \u00e9 v\u00e1lido tamb\u00e9m para o homem, que aloja o Esp\u00edrito de Deus em seu interior.<\/p>\n<p style=\"text-align: center;\"><strong>O homem \u00e9 &#8220;Mat\u00e9ria&#8221; ou &#8220;filho de Deus&#8221;<\/strong><br \/>\nO G\u00eanesis, do Antigo Testamento, para explicar a forma com que a Sabedoria fez manifestar a Cria\u00e7\u00e3o, movendo-se no &#8220;indiscern\u00edvel&#8221;, diz o seguinte: &#8220;O Esp\u00edrito de Deus movia-se sobre as \u00e1guas. E Deus disse: &#8216;Exista a luz&#8217;. E a luz existiu&#8221;. A exist\u00eancia universal est\u00e1 viva e, ao mesmo tempo, envolve e abrange igualmente todas as coisas. Nada pode estar fora de Deus. Partindo da subst\u00e2ncia essencial universal, Deus, por meio do pensamento, criou o reino mineral, vegetal e animal. Criou ainda o homem, que \u00e9 a Sua m\u00e1xima automanifesta\u00e7\u00e3o. A Ess\u00eancia do homem \u00e9 divina. Assim, antes de se colocar em quest\u00e3o os direitos humanos fundamentais, deve-se compreender prio\u00adritariamente o que o homem \u00e9. N\u00e3o pode haver direitos humanos quando se considera o homem como simples aglomerado de mat\u00e9ria.<\/p>\n","protected":false},"excerpt":{"rendered":"<p>A cria\u00e7\u00e3o da natureza e a posi\u00e7\u00e3o do homem A raz\u00e3o de o ser humano A cria\u00e7\u00e3o da Grande Natureza \u00e9 um autodesdobramento da Palavra de Deus. O homem tamb\u00e9m se inclui nesse autodesdobramento. \u00c9 esta a raz\u00e3o pela qual a sutra sagrada Chuva de N\u00e9ctar da Verdade registra: &#8220;Quando a Mente deste Deus onipotente, [&hellip;]<\/p>\n","protected":false},"author":96,"featured_media":0,"comment_status":"closed","ping_status":"closed","sticky":false,"template":"","format":"standard","meta":{"footnotes":""},"categories":[263],"tags":[],"class_list":["post-151755","post","type-post","status-publish","format-standard","hentry","category-jane-aragao"],"_links":{"self":[{"href":"https:\/\/diarioregionaldigital.com.br\/index.php?rest_route=\/wp\/v2\/posts\/151755","targetHints":{"allow":["GET"]}}],"collection":[{"href":"https:\/\/diarioregionaldigital.com.br\/index.php?rest_route=\/wp\/v2\/posts"}],"about":[{"href":"https:\/\/diarioregionaldigital.com.br\/index.php?rest_route=\/wp\/v2\/types\/post"}],"author":[{"embeddable":true,"href":"https:\/\/diarioregionaldigital.com.br\/index.php?rest_route=\/wp\/v2\/users\/96"}],"replies":[{"embeddable":true,"href":"https:\/\/diarioregionaldigital.com.br\/index.php?rest_route=%2Fwp%2Fv2%2Fcomments&post=151755"}],"version-history":[{"count":0,"href":"https:\/\/diarioregionaldigital.com.br\/index.php?rest_route=\/wp\/v2\/posts\/151755\/revisions"}],"wp:attachment":[{"href":"https:\/\/diarioregionaldigital.com.br\/index.php?rest_route=%2Fwp%2Fv2%2Fmedia&parent=151755"}],"wp:term":[{"taxonomy":"category","embeddable":true,"href":"https:\/\/diarioregionaldigital.com.br\/index.php?rest_route=%2Fwp%2Fv2%2Fcategories&post=151755"},{"taxonomy":"post_tag","embeddable":true,"href":"https:\/\/diarioregionaldigital.com.br\/index.php?rest_route=%2Fwp%2Fv2%2Ftags&post=151755"}],"curies":[{"name":"wp","href":"https:\/\/api.w.org\/{rel}","templated":true}]}}