{"id":151751,"date":"2019-11-26T06:00:55","date_gmt":"2019-11-26T08:00:55","guid":{"rendered":"https:\/\/diarioregionaldigital.com.br\/?p=151751"},"modified":"2019-11-25T20:54:48","modified_gmt":"2019-11-25T22:54:48","slug":"ser-flamengo","status":"publish","type":"post","link":"https:\/\/diarioregionaldigital.com.br\/?p=151751","title":{"rendered":"Ser Flamengo"},"content":{"rendered":"<p style=\"text-align: center;\"><strong>Acontecendo<\/strong><\/p>\n<p style=\"text-align: center;\">Programando uma vida arrebatadora, alunos da Escola Marechal Mascarenhas de Moraes, venceram o concurso com o tema \u201cJovem de futuro: protagonismo estudantil\u201d, promovido pelo Rotary Norte. Os textos premiados foram de: Caio Victor Silva de Paula, B\u00e1rbara T\u00e1bata Carvalho Tirapani, Jo\u00e3o Ant\u00f4nio Vieira Santos, Ingrid Kaylaine de Souza Costa, Fernanda Luisa Bisi e Thassila Ferreira Henrique.<\/p>\n<p style=\"text-align: center;\"><strong>Produtivos<\/strong><\/p>\n<p style=\"text-align: center;\">Foi durante o Semin\u00e1rio Empretec a entrega do pr\u00eamio \u201cDestaque empreendedor\u201d. Com a montagem da empresa Cria, foram vencedores os talentosos Rosane Rodrigues Valladares, Ludmila Louren\u00e7o, Eduardo Gomes, Francisco e Lucas Duarte da Costa. Palmas para eles.<\/p>\n<p style=\"text-align: center;\"><strong>Pombo Correio<\/strong><\/p>\n<p style=\"text-align: center;\">Em ritmo de seguran\u00e7a p\u00fablica, o governador de Minas Romeu Zema deve encaminhar at\u00e9 o dia 30 de novembro, \u00e1 Assembleia Legislativa um projeto de lei estabelecendo uma s\u00e9rie de medidas para recompor o sal\u00e1rio da \u00e1rea de seguran\u00e7a p\u00fablica. Foi o que ele disse em recente encontro na cidade administrativa em Belo Horizonte.<\/p>\n<p style=\"text-align: center;\"><strong>Juventude Dourada<\/strong><\/p>\n<p style=\"text-align: center;\">Filhas de tradicionais fam\u00edlias cariocas est\u00e3o unindo for\u00e7as e abriram POP-UP Store, no Rio Design Leblon com moda praia, joias e at\u00e9 perfume para casa. Dentre elas, a bel\u00edssima Maria Frering, neta da saudosa e elegante Carmem Mayrink Veiga. A Barraca \u00e9 um elemento presente na praia, lugar que une quem vive no Rio de Janeiro.<\/p>\n<p style=\"text-align: center;\"><span style=\"font-size: 14pt;\"><strong>Ser Flamengo<\/strong><\/span><\/p>\n<p style=\"text-align: center;\">Com o peso da camisa rubro-negra e representando o Brasil, o Flamengo venceu a Ta\u00e7a Libertadores das Am\u00e9ricas de virada. Final n\u00e3o se joga, se ganha. A imensa torcida acreditou at\u00e9 o fim e gritou nos 4 cantos do pa\u00eds \u201c\u00c9 campe\u00e3o&#8230;\u00e9 campe\u00e3o.\u201d Emocionante!<\/p>\n<div id=\"attachment_151718\" style=\"width: 690px\" class=\"wp-caption aligncenter\"><img loading=\"lazy\" decoding=\"async\" aria-describedby=\"caption-attachment-151718\" class=\"wp-image-151718\" src=\"https:\/\/diarioregionaldigital.com.br\/wp-content\/uploads\/2019\/11\/fotoaa-6-e1574719982459.jpg\" alt=\"\" width=\"680\" height=\"517\" srcset=\"https:\/\/diarioregionaldigital.com.br\/wp-content\/uploads\/2019\/11\/fotoaa-6-e1574719982459.jpg 957w, https:\/\/diarioregionaldigital.com.br\/wp-content\/uploads\/2019\/11\/fotoaa-6-e1574719982459-300x228.jpg 300w, https:\/\/diarioregionaldigital.com.br\/wp-content\/uploads\/2019\/11\/fotoaa-6-e1574719982459-768x583.jpg 768w, https:\/\/diarioregionaldigital.com.br\/wp-content\/uploads\/2019\/11\/fotoaa-6-e1574719982459-360x273.jpg 360w\" sizes=\"auto, (max-width: 680px) 100vw, 680px\" \/><p id=\"caption-attachment-151718\" class=\"wp-caption-text\">Comemorando niver e a vit\u00f3ria do Flamengo no Coffee &amp; Cia, no Solar Flat Hotel, Everton Mattos, Marc\u00edlio Gomes, Rose Oliveira com Eduardo Gomes<\/p><\/div>\n<div id=\"attachment_151719\" style=\"width: 690px\" class=\"wp-caption aligncenter\"><img loading=\"lazy\" decoding=\"async\" aria-describedby=\"caption-attachment-151719\" class=\"wp-image-151719\" src=\"https:\/\/diarioregionaldigital.com.br\/wp-content\/uploads\/2019\/11\/fotobb-7-e1574719512430.jpg\" alt=\"\" width=\"680\" height=\"518\" srcset=\"https:\/\/diarioregionaldigital.com.br\/wp-content\/uploads\/2019\/11\/fotobb-7-e1574719512430.jpg 650w, https:\/\/diarioregionaldigital.com.br\/wp-content\/uploads\/2019\/11\/fotobb-7-e1574719512430-300x228.jpg 300w, https:\/\/diarioregionaldigital.com.br\/wp-content\/uploads\/2019\/11\/fotobb-7-e1574719512430-360x274.jpg 360w\" sizes=\"auto, (max-width: 680px) 100vw, 680px\" \/><p id=\"caption-attachment-151719\" class=\"wp-caption-text\">O artista pl\u00e1stico do ano Wesley Monteiro comemorando o anivers\u00e1rio da filha Gabi Monteiro, em grande estilo<\/p><\/div>\n<div id=\"attachment_151720\" style=\"width: 690px\" class=\"wp-caption aligncenter\"><img loading=\"lazy\" decoding=\"async\" aria-describedby=\"caption-attachment-151720\" class=\"wp-image-151720\" src=\"https:\/\/diarioregionaldigital.com.br\/wp-content\/uploads\/2019\/11\/fotocc-2-e1574719533155.jpg\" alt=\"\" width=\"680\" height=\"546\" srcset=\"https:\/\/diarioregionaldigital.com.br\/wp-content\/uploads\/2019\/11\/fotocc-2-e1574719533155.jpg 718w, https:\/\/diarioregionaldigital.com.br\/wp-content\/uploads\/2019\/11\/fotocc-2-e1574719533155-300x241.jpg 300w, https:\/\/diarioregionaldigital.com.br\/wp-content\/uploads\/2019\/11\/fotocc-2-e1574719533155-360x289.jpg 360w\" sizes=\"auto, (max-width: 680px) 100vw, 680px\" \/><p id=\"caption-attachment-151720\" class=\"wp-caption-text\">Em Lima (Peru) torcendo para o Flamengo Felipe Moreira com Caco Barcellos<\/p><\/div>\n<div id=\"attachment_151721\" style=\"width: 690px\" class=\"wp-caption aligncenter\"><img loading=\"lazy\" decoding=\"async\" aria-describedby=\"caption-attachment-151721\" class=\"wp-image-151721\" src=\"https:\/\/diarioregionaldigital.com.br\/wp-content\/uploads\/2019\/11\/fotodd-e1574719620577.jpg\" alt=\"\" width=\"680\" height=\"548\" srcset=\"https:\/\/diarioregionaldigital.com.br\/wp-content\/uploads\/2019\/11\/fotodd-e1574719620577.jpg 867w, https:\/\/diarioregionaldigital.com.br\/wp-content\/uploads\/2019\/11\/fotodd-e1574719620577-300x242.jpg 300w, https:\/\/diarioregionaldigital.com.br\/wp-content\/uploads\/2019\/11\/fotodd-e1574719620577-768x619.jpg 768w, https:\/\/diarioregionaldigital.com.br\/wp-content\/uploads\/2019\/11\/fotodd-e1574719620577-360x290.jpg 360w\" sizes=\"auto, (max-width: 680px) 100vw, 680px\" \/><p id=\"caption-attachment-151721\" class=\"wp-caption-text\">Direto da Espanha torcendo pelo Flamengo o fot\u00f3grafo juiz-forano Marcelo Horta<\/p><\/div>\n<div id=\"attachment_151722\" style=\"width: 690px\" class=\"wp-caption aligncenter\"><img loading=\"lazy\" decoding=\"async\" aria-describedby=\"caption-attachment-151722\" class=\"wp-image-151722\" src=\"https:\/\/diarioregionaldigital.com.br\/wp-content\/uploads\/2019\/11\/fotoe-13-e1574719665712.jpg\" alt=\"\" width=\"680\" height=\"522\" srcset=\"https:\/\/diarioregionaldigital.com.br\/wp-content\/uploads\/2019\/11\/fotoe-13-e1574719665712.jpg 1173w, https:\/\/diarioregionaldigital.com.br\/wp-content\/uploads\/2019\/11\/fotoe-13-e1574719665712-300x230.jpg 300w, https:\/\/diarioregionaldigital.com.br\/wp-content\/uploads\/2019\/11\/fotoe-13-e1574719665712-768x590.jpg 768w, https:\/\/diarioregionaldigital.com.br\/wp-content\/uploads\/2019\/11\/fotoe-13-e1574719665712-1024x787.jpg 1024w, https:\/\/diarioregionaldigital.com.br\/wp-content\/uploads\/2019\/11\/fotoe-13-e1574719665712-360x277.jpg 360w\" sizes=\"auto, (max-width: 680px) 100vw, 680px\" \/><p id=\"caption-attachment-151722\" class=\"wp-caption-text\">Em festa na Pra\u00e7a Ant\u00f4nio Carlos, o deputado David Miranda e J\u00fa N\u00eaga<\/p><\/div>\n<div id=\"attachment_151723\" style=\"width: 690px\" class=\"wp-caption aligncenter\"><img loading=\"lazy\" decoding=\"async\" aria-describedby=\"caption-attachment-151723\" class=\"wp-image-151723\" src=\"https:\/\/diarioregionaldigital.com.br\/wp-content\/uploads\/2019\/11\/fotof-14-e1574719710256.jpg\" alt=\"\" width=\"680\" height=\"546\" srcset=\"https:\/\/diarioregionaldigital.com.br\/wp-content\/uploads\/2019\/11\/fotof-14-e1574719710256.jpg 1165w, https:\/\/diarioregionaldigital.com.br\/wp-content\/uploads\/2019\/11\/fotof-14-e1574719710256-300x241.jpg 300w, https:\/\/diarioregionaldigital.com.br\/wp-content\/uploads\/2019\/11\/fotof-14-e1574719710256-768x617.jpg 768w, https:\/\/diarioregionaldigital.com.br\/wp-content\/uploads\/2019\/11\/fotof-14-e1574719710256-1024x823.jpg 1024w, https:\/\/diarioregionaldigital.com.br\/wp-content\/uploads\/2019\/11\/fotof-14-e1574719710256-360x289.jpg 360w\" sizes=\"auto, (max-width: 680px) 100vw, 680px\" \/><p id=\"caption-attachment-151723\" class=\"wp-caption-text\">Gera\u00e7\u00e3o sa\u00fade na Academia Alta Performance em Rio Novo com Laura Freitas e Giulio Miranda<\/p><\/div>\n<div id=\"attachment_151725\" style=\"width: 690px\" class=\"wp-caption aligncenter\"><img loading=\"lazy\" decoding=\"async\" aria-describedby=\"caption-attachment-151725\" class=\"wp-image-151725\" src=\"https:\/\/diarioregionaldigital.com.br\/wp-content\/uploads\/2019\/11\/fotog-16-e1574719741383.jpg\" alt=\"\" width=\"680\" height=\"523\" srcset=\"https:\/\/diarioregionaldigital.com.br\/wp-content\/uploads\/2019\/11\/fotog-16-e1574719741383.jpg 511w, https:\/\/diarioregionaldigital.com.br\/wp-content\/uploads\/2019\/11\/fotog-16-e1574719741383-300x231.jpg 300w, https:\/\/diarioregionaldigital.com.br\/wp-content\/uploads\/2019\/11\/fotog-16-e1574719741383-360x277.jpg 360w\" sizes=\"auto, (max-width: 680px) 100vw, 680px\" \/><p id=\"caption-attachment-151725\" class=\"wp-caption-text\">Arrasando no comercial da Unimed, a radialista Elisabeth Marangon<\/p><\/div>\n<div id=\"attachment_151726\" style=\"width: 690px\" class=\"wp-caption aligncenter\"><img loading=\"lazy\" decoding=\"async\" aria-describedby=\"caption-attachment-151726\" class=\"wp-image-151726\" src=\"https:\/\/diarioregionaldigital.com.br\/wp-content\/uploads\/2019\/11\/fotoh-12-e1574719773113.jpg\" alt=\"\" width=\"680\" height=\"567\" srcset=\"https:\/\/diarioregionaldigital.com.br\/wp-content\/uploads\/2019\/11\/fotoh-12-e1574719773113.jpg 1163w, https:\/\/diarioregionaldigital.com.br\/wp-content\/uploads\/2019\/11\/fotoh-12-e1574719773113-300x250.jpg 300w, https:\/\/diarioregionaldigital.com.br\/wp-content\/uploads\/2019\/11\/fotoh-12-e1574719773113-768x640.jpg 768w, https:\/\/diarioregionaldigital.com.br\/wp-content\/uploads\/2019\/11\/fotoh-12-e1574719773113-1024x853.jpg 1024w, https:\/\/diarioregionaldigital.com.br\/wp-content\/uploads\/2019\/11\/fotoh-12-e1574719773113-360x300.jpg 360w\" sizes=\"auto, (max-width: 680px) 100vw, 680px\" \/><p id=\"caption-attachment-151726\" class=\"wp-caption-text\">O fisioterapeuta Ramon David no vem Ver\u00e3o em Ipanema com a estrelinha J\u00falia<\/p><\/div>\n<div id=\"attachment_151727\" style=\"width: 690px\" class=\"wp-caption aligncenter\"><img loading=\"lazy\" decoding=\"async\" aria-describedby=\"caption-attachment-151727\" class=\"wp-image-151727\" src=\"https:\/\/diarioregionaldigital.com.br\/wp-content\/uploads\/2019\/11\/fotoi-14-e1574719810664.jpg\" alt=\"\" width=\"680\" height=\"542\" srcset=\"https:\/\/diarioregionaldigital.com.br\/wp-content\/uploads\/2019\/11\/fotoi-14-e1574719810664.jpg 1181w, https:\/\/diarioregionaldigital.com.br\/wp-content\/uploads\/2019\/11\/fotoi-14-e1574719810664-300x239.jpg 300w, https:\/\/diarioregionaldigital.com.br\/wp-content\/uploads\/2019\/11\/fotoi-14-e1574719810664-768x613.jpg 768w, https:\/\/diarioregionaldigital.com.br\/wp-content\/uploads\/2019\/11\/fotoi-14-e1574719810664-1024x817.jpg 1024w, https:\/\/diarioregionaldigital.com.br\/wp-content\/uploads\/2019\/11\/fotoi-14-e1574719810664-360x287.jpg 360w\" sizes=\"auto, (max-width: 680px) 100vw, 680px\" \/><p id=\"caption-attachment-151727\" class=\"wp-caption-text\">O economista Ca\u00edque Braga em cena tudo bem em pleno Rio de Janeiro<\/p><\/div>\n<p style=\"text-align: center;\"><strong>FOTOSS\u00cdNTESE<\/strong><\/p>\n<p>No dia 13 de dezembro, \u00e0s 22h, no Terrazzo, Dilsinho e Sorriso Maroto, fazem o show.<\/p>\n<p>Os empres\u00e1rios Jovino Campos e Paulo Roberto Lopes inauguram no dia 26, a 57\u00aa loja, em Francisco Bernardino. O novo Bahamas Mix JK, ter\u00e1 estacionamento com 186 vagas.<\/p>\n<p>Em boa hora, o prefeito Ant\u00f4nio Almas, anunciou a reforma da Regional Leste. As obras come\u00e7aram ontem e com a execu\u00e7\u00e3o os servi\u00e7os de pediatria, distribui\u00e7\u00e3o de medicamentos e a realiza\u00e7\u00e3o de curativos ser\u00e3o transferidos.<\/p>\n<p>Os atletas da nova gera\u00e7\u00e3o Luan de Oliveira (Vem Correr) e Amanda Oliveira (Fac. Granbery Ed. F\u00edsica) foram os vencedores da quinta edi\u00e7\u00e3o da Tecnobit Night Run, com largada no Parque de Exposi\u00e7\u00f5es, na Zona Norte.<\/p>\n<p>Com o tema \u201cNatal feito \u00e0 m\u00e3o\u201d j\u00e1 est\u00e3o expostos trabalhos como t\u00e9cnicas variadas, desenvolvidos nas oficinas oferecidas pela Pra\u00e7a CEU, com inspira\u00e7\u00e3o natalina, no Shopping Jardim Norte.<\/p>\n<p>Juliana Costa e Marcelo Silva e Angelik Mello e Jonatas Silv\u00e9rio marcaram presen\u00e7a no lan\u00e7amento da temporada ver\u00e3o 2020 da Bravo Beer.<\/p>\n<p>Em noite concorrida na OAB, Juliana Pacheco autografou o livro \u201cMarketing estrat\u00e9gico para advogados\u201d.<\/p>\n<p>Din\u00e2mico e muito querido o jornalista S\u00e9rgio Bara completou 50 anos bem vividos.<\/p>\n<p>Agendando para o dia 29, na Esta\u00e7\u00e3o S\u00e3o Pedro, a terceira festa de debutantes da Casa de Cultura Evailton Vilela e da Associa\u00e7\u00e3o Social de Amparo ao Cidad\u00e3o. Na coordena\u00e7\u00e3o, Negro B\u00fassola.<\/p>\n<p>Fred Alvim comemorou anivers\u00e1rio bem juntinho com sua m\u00e3e Isabel, no Mamma Roma.<\/p>\n<p>Ricardo Alex da loja M.Marques passou e deu aquele al\u00f4.<\/p>\n<p>Concluindo: Fina \u00e9 a ostra que incomodada pelo gr\u00e3o de areia, reage linda produzindo p\u00e9rolas. Bom dia.<\/p>\n<p><img loading=\"lazy\" decoding=\"async\" class=\"aligncenter size-full wp-image-151752\" src=\"https:\/\/diarioregionaldigital.com.br\/wp-content\/uploads\/2019\/11\/anuncio01-2.jpg\" alt=\"\" width=\"3513\" height=\"1305\" srcset=\"https:\/\/diarioregionaldigital.com.br\/wp-content\/uploads\/2019\/11\/anuncio01-2.jpg 3513w, https:\/\/diarioregionaldigital.com.br\/wp-content\/uploads\/2019\/11\/anuncio01-2-300x111.jpg 300w, https:\/\/diarioregionaldigital.com.br\/wp-content\/uploads\/2019\/11\/anuncio01-2-768x285.jpg 768w, https:\/\/diarioregionaldigital.com.br\/wp-content\/uploads\/2019\/11\/anuncio01-2-1024x380.jpg 1024w, https:\/\/diarioregionaldigital.com.br\/wp-content\/uploads\/2019\/11\/anuncio01-2-360x134.jpg 360w\" sizes=\"auto, (max-width: 3513px) 100vw, 3513px\" \/><\/p>\n","protected":false},"excerpt":{"rendered":"<p>Acontecendo Programando uma vida arrebatadora, alunos da Escola Marechal Mascarenhas de Moraes, venceram o concurso com o tema \u201cJovem de futuro: protagonismo estudantil\u201d, promovido pelo Rotary Norte. Os textos premiados foram de: Caio Victor Silva de Paula, B\u00e1rbara T\u00e1bata Carvalho Tirapani, Jo\u00e3o Ant\u00f4nio Vieira Santos, Ingrid Kaylaine de Souza Costa, Fernanda Luisa Bisi e Thassila [&hellip;]<\/p>\n","protected":false},"author":96,"featured_media":151718,"comment_status":"closed","ping_status":"closed","sticky":false,"template":"","format":"standard","meta":{"footnotes":""},"categories":[264],"tags":[],"class_list":["post-151751","post","type-post","status-publish","format-standard","has-post-thumbnail","hentry","category-eduardo-gomes"],"_links":{"self":[{"href":"https:\/\/diarioregionaldigital.com.br\/index.php?rest_route=\/wp\/v2\/posts\/151751","targetHints":{"allow":["GET"]}}],"collection":[{"href":"https:\/\/diarioregionaldigital.com.br\/index.php?rest_route=\/wp\/v2\/posts"}],"about":[{"href":"https:\/\/diarioregionaldigital.com.br\/index.php?rest_route=\/wp\/v2\/types\/post"}],"author":[{"embeddable":true,"href":"https:\/\/diarioregionaldigital.com.br\/index.php?rest_route=\/wp\/v2\/users\/96"}],"replies":[{"embeddable":true,"href":"https:\/\/diarioregionaldigital.com.br\/index.php?rest_route=%2Fwp%2Fv2%2Fcomments&post=151751"}],"version-history":[{"count":0,"href":"https:\/\/diarioregionaldigital.com.br\/index.php?rest_route=\/wp\/v2\/posts\/151751\/revisions"}],"wp:featuredmedia":[{"embeddable":true,"href":"https:\/\/diarioregionaldigital.com.br\/index.php?rest_route=\/wp\/v2\/media\/151718"}],"wp:attachment":[{"href":"https:\/\/diarioregionaldigital.com.br\/index.php?rest_route=%2Fwp%2Fv2%2Fmedia&parent=151751"}],"wp:term":[{"taxonomy":"category","embeddable":true,"href":"https:\/\/diarioregionaldigital.com.br\/index.php?rest_route=%2Fwp%2Fv2%2Fcategories&post=151751"},{"taxonomy":"post_tag","embeddable":true,"href":"https:\/\/diarioregionaldigital.com.br\/index.php?rest_route=%2Fwp%2Fv2%2Ftags&post=151751"}],"curies":[{"name":"wp","href":"https:\/\/api.w.org\/{rel}","templated":true}]}}