{"id":151395,"date":"2019-11-19T06:00:12","date_gmt":"2019-11-19T08:00:12","guid":{"rendered":"https:\/\/diarioregionaldigital.com.br\/?p=151395"},"modified":"2019-11-18T20:00:36","modified_gmt":"2019-11-18T22:00:36","slug":"quanto-mais-extraimos-nossa-forca-mais-ela-brota-do-nosso-interior-2","status":"publish","type":"post","link":"https:\/\/diarioregionaldigital.com.br\/?p=151395","title":{"rendered":"Quanto mais extra\u00edmos nossa for\u00e7a, mais ela brota do nosso interior"},"content":{"rendered":"<p style=\"text-align: center;\"><strong>Quanto mais extra\u00edmos nossa for\u00e7a, mais ela brota do nosso interior<\/strong><\/p>\n<p style=\"text-align: center;\">Dizem que falta petr\u00f3leo no Jap\u00e3o. Mas o que falta \u00e9 o empenho em extrair o petr\u00f3leo. Pensam: &#8220;N\u00e3o vamos escavar, pois, se n\u00e3o encontrarmos nada, ser\u00e1 desperd\u00edcio de trabalho&#8221;. Com essa postura negativa, n\u00e3o ser\u00e1 poss\u00edvel trazer \u00e0 tona as riquezas naturais subterr\u00e2neas. O mesmo se pode dizer a respeito da capacidade humana: Se pensarmos &#8220;Acho que n\u00e3o tenho mais for\u00e7as; vou parar de me esfor\u00e7ar em extra\u00ed-las&#8221;, deixaremos de exteriorizar nossa capacidade. A capacidade humana, assim como a \u00e1gua do po\u00e7o brota com maior for\u00e7a quanto mais a extra\u00edmos. N\u00e3o h\u00e1 enganos nesta afirma\u00e7\u00e3o, pois \u00e9 fato comprovado.<br \/>\nPara nos tornarmos grandes personalidades, precisamos, primeiramente, confiar em n\u00f3s mesmos. Mesmo que algu\u00e9m lhe diga &#8220;Voc\u00ea \u00e9 uma pessoa in\u00fatil&#8221;, n\u00e3o acredite. \u00c9 inconceb\u00edvel que Deus crie no mundo seres e coisas in\u00fateis. \u00c9 imposs\u00edvel que Deus crie pessoas in\u00fateis, pessoas sem nenhuma capacidade, pessoas sem qualquer valor. O fato de voc\u00ea ter sido criado e nascido neste mundo \u00e9 uma prova de que possui valor. Deus o criou porque voc\u00ea tem uma miss\u00e3o a cumprir. E, se tem uma miss\u00e3o, \u00e9 l\u00f3gico que est\u00e1 dotado da capacidade de cumprir essa miss\u00e3o. Voc\u00ea deve acreditar, antes de tudo, em seu valor intr\u00ednseco e se empenhar em exterioriz\u00e1-lo. Como j\u00e1 disse, tanto a capacidade humana quanto o petr\u00f3leo precisam ser descobertos e trazidos \u00e0 tona.<\/p>\n","protected":false},"excerpt":{"rendered":"<p>Quanto mais extra\u00edmos nossa for\u00e7a, mais ela brota do nosso interior Dizem que falta petr\u00f3leo no Jap\u00e3o. Mas o que falta \u00e9 o empenho em extrair o petr\u00f3leo. Pensam: &#8220;N\u00e3o vamos escavar, pois, se n\u00e3o encontrarmos nada, ser\u00e1 desperd\u00edcio de trabalho&#8221;. Com essa postura negativa, n\u00e3o ser\u00e1 poss\u00edvel trazer \u00e0 tona as riquezas naturais subterr\u00e2neas. [&hellip;]<\/p>\n","protected":false},"author":96,"featured_media":0,"comment_status":"closed","ping_status":"closed","sticky":false,"template":"","format":"standard","meta":{"footnotes":""},"categories":[263],"tags":[],"class_list":["post-151395","post","type-post","status-publish","format-standard","hentry","category-jane-aragao"],"_links":{"self":[{"href":"https:\/\/diarioregionaldigital.com.br\/index.php?rest_route=\/wp\/v2\/posts\/151395","targetHints":{"allow":["GET"]}}],"collection":[{"href":"https:\/\/diarioregionaldigital.com.br\/index.php?rest_route=\/wp\/v2\/posts"}],"about":[{"href":"https:\/\/diarioregionaldigital.com.br\/index.php?rest_route=\/wp\/v2\/types\/post"}],"author":[{"embeddable":true,"href":"https:\/\/diarioregionaldigital.com.br\/index.php?rest_route=\/wp\/v2\/users\/96"}],"replies":[{"embeddable":true,"href":"https:\/\/diarioregionaldigital.com.br\/index.php?rest_route=%2Fwp%2Fv2%2Fcomments&post=151395"}],"version-history":[{"count":0,"href":"https:\/\/diarioregionaldigital.com.br\/index.php?rest_route=\/wp\/v2\/posts\/151395\/revisions"}],"wp:attachment":[{"href":"https:\/\/diarioregionaldigital.com.br\/index.php?rest_route=%2Fwp%2Fv2%2Fmedia&parent=151395"}],"wp:term":[{"taxonomy":"category","embeddable":true,"href":"https:\/\/diarioregionaldigital.com.br\/index.php?rest_route=%2Fwp%2Fv2%2Fcategories&post=151395"},{"taxonomy":"post_tag","embeddable":true,"href":"https:\/\/diarioregionaldigital.com.br\/index.php?rest_route=%2Fwp%2Fv2%2Ftags&post=151395"}],"curies":[{"name":"wp","href":"https:\/\/api.w.org\/{rel}","templated":true}]}}