{"id":151385,"date":"2019-11-18T19:25:46","date_gmt":"2019-11-18T21:25:46","guid":{"rendered":"https:\/\/diarioregionaldigital.com.br\/?p=151385"},"modified":"2019-11-18T19:25:46","modified_gmt":"2019-11-18T21:25:46","slug":"acidente-deixa-vitima-fatal-em-santos-dumont","status":"publish","type":"post","link":"https:\/\/diarioregionaldigital.com.br\/?p=151385","title":{"rendered":"Acidente deixa v\u00edtima fatal em Santos Dumont"},"content":{"rendered":"<p>Um incidente envolvendo dois ve\u00edculos causou a morte de uma v\u00edtima de 25 anos na BR-040 no Km 749. Os ve\u00edculos envolvidos na colis\u00e3o foram um conjugado com trator e sem reboque com um Volkswagen Gol. O ve\u00edculo pesado seguia no sentido Rio de Janeiro e o autom\u00f3vel seguia em dire\u00e7\u00e3o a Belo Horizonte. Segundo informa\u00e7\u00f5es da Pol\u00edcia Rodovi\u00e1ria Federal (PRF), na altura do Km 749, pr\u00f3ximo a um posto de gasolina, o motorista do autom\u00f3vel teria rodado na pista, ap\u00f3s fazer uma curva e colidiu de frente com a carreta na pista. O condutor do autom\u00f3vel morreu no local e o motorista da carreta saiu ileso do acidente.<\/p>\n<p>&nbsp;<\/p>\n","protected":false},"excerpt":{"rendered":"<p>Um incidente envolvendo dois ve\u00edculos causou a morte de uma v\u00edtima de 25 anos na BR-040 no Km 749. Os ve\u00edculos envolvidos na colis\u00e3o foram um conjugado com trator e sem reboque com um Volkswagen Gol. O ve\u00edculo pesado seguia no sentido Rio de Janeiro e o autom\u00f3vel seguia em dire\u00e7\u00e3o a Belo Horizonte. Segundo [&hellip;]<\/p>\n","protected":false},"author":96,"featured_media":151386,"comment_status":"closed","ping_status":"closed","sticky":false,"template":"","format":"standard","meta":{"footnotes":""},"categories":[253,436,252,439],"tags":[],"class_list":["post-151385","post","type-post","status-publish","format-standard","has-post-thumbnail","hentry","category-cidade","category-destaque-da-semana","category-regiao","category-ultima-hora"],"_links":{"self":[{"href":"https:\/\/diarioregionaldigital.com.br\/index.php?rest_route=\/wp\/v2\/posts\/151385","targetHints":{"allow":["GET"]}}],"collection":[{"href":"https:\/\/diarioregionaldigital.com.br\/index.php?rest_route=\/wp\/v2\/posts"}],"about":[{"href":"https:\/\/diarioregionaldigital.com.br\/index.php?rest_route=\/wp\/v2\/types\/post"}],"author":[{"embeddable":true,"href":"https:\/\/diarioregionaldigital.com.br\/index.php?rest_route=\/wp\/v2\/users\/96"}],"replies":[{"embeddable":true,"href":"https:\/\/diarioregionaldigital.com.br\/index.php?rest_route=%2Fwp%2Fv2%2Fcomments&post=151385"}],"version-history":[{"count":0,"href":"https:\/\/diarioregionaldigital.com.br\/index.php?rest_route=\/wp\/v2\/posts\/151385\/revisions"}],"wp:featuredmedia":[{"embeddable":true,"href":"https:\/\/diarioregionaldigital.com.br\/index.php?rest_route=\/wp\/v2\/media\/151386"}],"wp:attachment":[{"href":"https:\/\/diarioregionaldigital.com.br\/index.php?rest_route=%2Fwp%2Fv2%2Fmedia&parent=151385"}],"wp:term":[{"taxonomy":"category","embeddable":true,"href":"https:\/\/diarioregionaldigital.com.br\/index.php?rest_route=%2Fwp%2Fv2%2Fcategories&post=151385"},{"taxonomy":"post_tag","embeddable":true,"href":"https:\/\/diarioregionaldigital.com.br\/index.php?rest_route=%2Fwp%2Fv2%2Ftags&post=151385"}],"curies":[{"name":"wp","href":"https:\/\/api.w.org\/{rel}","templated":true}]}}