{"id":151379,"date":"2019-11-18T19:06:17","date_gmt":"2019-11-18T21:06:17","guid":{"rendered":"https:\/\/diarioregionaldigital.com.br\/?p=151379"},"modified":"2019-11-18T19:06:17","modified_gmt":"2019-11-18T21:06:17","slug":"projetos-sobre-prisao-apos-segunda-instancia-estao-na-pauta-da-ccj","status":"publish","type":"post","link":"https:\/\/diarioregionaldigital.com.br\/?p=151379","title":{"rendered":"Projetos sobre pris\u00e3o ap\u00f3s segunda inst\u00e2ncia est\u00e3o na pauta da CCJ"},"content":{"rendered":"<p>A Comiss\u00e3o de Constitui\u00e7\u00e3o e Justi\u00e7a (CCJ) pode votar nesta quarta-feira (20), \u00e0s 10h, propostas que possibilitam a pris\u00e3o ap\u00f3s condena\u00e7\u00e3o em segunda inst\u00e2ncia. Est\u00e3o na pauta do colegiado a PEC 5\/2019, do senador Oriovisto Guimar\u00e3es (Podemos-PR), e o projeto de lei (PL) 1.864\/2019, que comp\u00f5e o chamado pacote anticrime do ministro da Justi\u00e7a, Sergio Moro, apresentado no Senado pela senadora Eliziane Gama (Cidadania-MA) e outros 12 senadores.<\/p>\n<p>A vota\u00e7\u00e3o das propostas na CCJ \u00e9 uma resposta dos senadores \u00e0 decis\u00e3o do Supremo Tribunal Federal (STF) que, por 6 votos a 5, decidiu que a pena de pris\u00e3o s\u00f3 pode ser executada ap\u00f3s o tr\u00e2nsito em julgado da senten\u00e7a. Ao anunciar que pautaria proposta sobre o tema, a presidente da CCJ, senadora Simone Tebet (MDB-MS), afirmou que as mudan\u00e7as de interpreta\u00e7\u00e3o no STF trazem instabilidade jur\u00eddica e pol\u00edtica ao pa\u00eds e que \u00e9 responsabilidade do Congresso se posicionar sobre o tema.<\/p>\n<p>&nbsp;<\/p>\n<p><strong>Cl\u00e1usula p\u00e9trea<\/strong><\/p>\n<p>Primeiro item da pauta, a PEC 5\/2019 prop\u00f5e a altera\u00e7\u00e3o do artigo 93 da Carta Magna para definir que a decis\u00e3o condenat\u00f3ria proferida por \u00f3rg\u00e3os colegiados deve ser executada imediatamente ap\u00f3s o julgamento dos recursos ordin\u00e1rios no mesmo tribunal. Na pr\u00e1tica, isso permite a pris\u00e3o ap\u00f3s condena\u00e7\u00e3o em segunda inst\u00e2ncia.<\/p>\n<p>O texto n\u00e3o altera o artigo 5\u00ba da Constitui\u00e7\u00e3o, que \u00e9 uma cl\u00e1usula p\u00e9trea, e cont\u00e9m o dispositivo referente \u00e0 presun\u00e7\u00e3o de inoc\u00eancia, usado pelo STF para declarar a inconstitucionalidade da pris\u00e3o em segunda inst\u00e2ncia. A relatora, senadora Ju\u00edza Selma (PSL-MT), recomenda a aprova\u00e7\u00e3o do texto e afirma que a presun\u00e7\u00e3o da inoc\u00eancia se relativiza ou mesmo se inverte ap\u00f3s o julgamento condenat\u00f3rio em segunda inst\u00e2ncia:<\/p>\n<p>\u201cN\u00e3o ser tratado como culpado at\u00e9 que haja certeza da materialidade e da autoria do crime, o que se perfaz justamente na segunda inst\u00e2ncia. N\u00e3o h\u00e1 que se falar, assim, em qualquer viola\u00e7\u00e3o a cl\u00e1usula p\u00e9trea\u201d, argumenta a senadora.<\/p>\n<p>&nbsp;<\/p>\n<p><strong>Projeto de Moro<\/strong><\/p>\n<p>Em vez de modificar trechos da Constitui\u00e7\u00e3o, o PL 1.864\/2019 acrescenta um trecho ao C\u00f3digo de Processo Penal (Decreto-Lei 3.689, de 1941), que determina que a execu\u00e7\u00e3o provis\u00f3ria da pena seja decis\u00e3o dos tribunais de segunda inst\u00e2ncia, mesmo com a hip\u00f3tese de recursos pendentes em tribunais superiores. O texto foi apresentado pela senadora Eliziane Gama para acelerar a an\u00e1lise do pacote anticrime de Moro, que est\u00e1 na C\u00e2mara dos Deputados.<\/p>\n<p>O relator, senador Marcos do Val (Cidadania-ES), \u00e9 favor\u00e1vel \u00e0 proposta. \u201cAp\u00f3s a confirma\u00e7\u00e3o da condena\u00e7\u00e3o pelo tribunal de segunda inst\u00e2ncia, em que fica exaurido o exame de fatos e de provas, o princ\u00edpio da presun\u00e7\u00e3o de inoc\u00eancia resta mitigado\u201d, defende o senador.<\/p>\n<p><strong>Fonte:\u00a0<\/strong>Ag\u00eancia Senado<\/p>\n<p>&nbsp;<\/p>\n","protected":false},"excerpt":{"rendered":"<p>A Comiss\u00e3o de Constitui\u00e7\u00e3o e Justi\u00e7a (CCJ) pode votar nesta quarta-feira (20), \u00e0s 10h, propostas que possibilitam a pris\u00e3o ap\u00f3s condena\u00e7\u00e3o em segunda inst\u00e2ncia. Est\u00e3o na pauta do colegiado a PEC 5\/2019, do senador Oriovisto Guimar\u00e3es (Podemos-PR), e o projeto de lei (PL) 1.864\/2019, que comp\u00f5e o chamado pacote anticrime do ministro da Justi\u00e7a, Sergio [&hellip;]<\/p>\n","protected":false},"author":96,"featured_media":150791,"comment_status":"closed","ping_status":"closed","sticky":false,"template":"","format":"standard","meta":{"footnotes":""},"categories":[302,436,254,439],"tags":[],"class_list":["post-151379","post","type-post","status-publish","format-standard","has-post-thumbnail","hentry","category-brasil-mundo","category-destaque-da-semana","category-politica","category-ultima-hora"],"_links":{"self":[{"href":"https:\/\/diarioregionaldigital.com.br\/index.php?rest_route=\/wp\/v2\/posts\/151379","targetHints":{"allow":["GET"]}}],"collection":[{"href":"https:\/\/diarioregionaldigital.com.br\/index.php?rest_route=\/wp\/v2\/posts"}],"about":[{"href":"https:\/\/diarioregionaldigital.com.br\/index.php?rest_route=\/wp\/v2\/types\/post"}],"author":[{"embeddable":true,"href":"https:\/\/diarioregionaldigital.com.br\/index.php?rest_route=\/wp\/v2\/users\/96"}],"replies":[{"embeddable":true,"href":"https:\/\/diarioregionaldigital.com.br\/index.php?rest_route=%2Fwp%2Fv2%2Fcomments&post=151379"}],"version-history":[{"count":0,"href":"https:\/\/diarioregionaldigital.com.br\/index.php?rest_route=\/wp\/v2\/posts\/151379\/revisions"}],"wp:featuredmedia":[{"embeddable":true,"href":"https:\/\/diarioregionaldigital.com.br\/index.php?rest_route=\/wp\/v2\/media\/150791"}],"wp:attachment":[{"href":"https:\/\/diarioregionaldigital.com.br\/index.php?rest_route=%2Fwp%2Fv2%2Fmedia&parent=151379"}],"wp:term":[{"taxonomy":"category","embeddable":true,"href":"https:\/\/diarioregionaldigital.com.br\/index.php?rest_route=%2Fwp%2Fv2%2Fcategories&post=151379"},{"taxonomy":"post_tag","embeddable":true,"href":"https:\/\/diarioregionaldigital.com.br\/index.php?rest_route=%2Fwp%2Fv2%2Ftags&post=151379"}],"curies":[{"name":"wp","href":"https:\/\/api.w.org\/{rel}","templated":true}]}}