{"id":150561,"date":"2019-11-04T13:54:46","date_gmt":"2019-11-04T15:54:46","guid":{"rendered":"https:\/\/diarioregionaldigital.com.br\/?p=150561"},"modified":"2019-11-04T13:54:46","modified_gmt":"2019-11-04T15:54:46","slug":"governo-libera-r-250-milhoes-para-bolsas-do-cnpq","status":"publish","type":"post","link":"https:\/\/diarioregionaldigital.com.br\/?p=150561","title":{"rendered":"Governo libera R$ 250 milh\u00f5es para bolsas do CNPq"},"content":{"rendered":"<p>O presidente Jair Bolsonaro anunciou hoje (4), em publica\u00e7\u00e3o em sua conta pessoal no Twitter, a libera\u00e7\u00e3o de recursos para garantir o pagamento, at\u00e9 o fim do ano, de 100% das bolsas do Conselho Nacional de Desenvolvimento Cient\u00edfico e Tecnol\u00f3gico (CNPq). \u201cOrganiza\u00e7\u00e3o e enxugamento dos gastos gigantescos do passado para focar aonde podemos crescer. Foram R$ 250 milh\u00f5es: import\u00e2ncia da comunidade cient\u00edfica nacional\u201d, escreveu.<\/p>\n<p>No dia 17 de outubro, o Minist\u00e9rio da Ci\u00eancia, Tecnologia, Inova\u00e7\u00f5es e Comunica\u00e7\u00f5es (MCTIC) j\u00e1 havia anunciado que os recursos est\u00e3o garantidos at\u00e9 o fim do ano. Do total, R$ 93 milh\u00f5es foram disponibilizados por meio do<a href=\"https:\/\/legis.senado.leg.br\/sdleg-getter\/documento?dm=8026025&amp;ts=1572546270749&amp;disposition=inline\" target=\"_blank\" rel=\"noopener\">\u00a0Projeto de Lei 41<\/a>, aprovado pelo Congresso Nacional, e R$ 156,9 milh\u00f5es por meio de portaria assinada pelo ministro da Economia, Paulo Guedes, na semana passada.<\/p>\n<p>O MCTIC informou que s\u00e3o quase 80 mil bolsistas beneficiados atuando em diferentes \u00e1reas de pesquisa. E, para 2020, j\u00e1 foi garantido o mesmo or\u00e7amento deste ano para o conselho. Al\u00e9m das bolsas, o CNPq custeia projetos de pesquisa feitos em institui\u00e7\u00f5es de ensino superior e centros de investiga\u00e7\u00e3o.<\/p>\n<h2>\u00d3leo no Nordeste<\/h2>\n<p>Ap\u00f3s reuni\u00f5es pela manh\u00e3, no Pal\u00e1cio do Planalto, o presidente Jair Bolsonaro se re\u00fane agora com o ministro da Defesa, Fernando Azevedo, para tratar sobre o combate \u00e0s manchas de \u00f3leo que atingem o Nordeste do pa\u00eds. No s\u00e1bado (2), a Marinha informou que pequenos\u00a0fragmentos de \u00f3leo foram encontrados e recolhidos\u00a0no Arquip\u00e9lago de Abrolhos, na Bahia, e ontem (3), Azevedo sobrevoou a regi\u00e3o e acompanhou as opera\u00e7\u00f5es de monitoramento e limpeza das \u00e1reas atingidas.<\/p>\n<p>Fonte: Ag\u00eancia Brasil<\/p>\n","protected":false},"excerpt":{"rendered":"<p>O presidente Jair Bolsonaro anunciou hoje (4), em publica\u00e7\u00e3o em sua conta pessoal no Twitter, a libera\u00e7\u00e3o de recursos para garantir o pagamento, at\u00e9 o fim do ano, de 100% das bolsas do Conselho Nacional de Desenvolvimento Cient\u00edfico e Tecnol\u00f3gico (CNPq). \u201cOrganiza\u00e7\u00e3o e enxugamento dos gastos gigantescos do passado para focar aonde podemos crescer. Foram [&hellip;]<\/p>\n","protected":false},"author":96,"featured_media":97343,"comment_status":"closed","ping_status":"closed","sticky":false,"template":"","format":"standard","meta":{"footnotes":""},"categories":[436,254,439],"tags":[],"class_list":["post-150561","post","type-post","status-publish","format-standard","has-post-thumbnail","hentry","category-destaque-da-semana","category-politica","category-ultima-hora"],"_links":{"self":[{"href":"https:\/\/diarioregionaldigital.com.br\/index.php?rest_route=\/wp\/v2\/posts\/150561","targetHints":{"allow":["GET"]}}],"collection":[{"href":"https:\/\/diarioregionaldigital.com.br\/index.php?rest_route=\/wp\/v2\/posts"}],"about":[{"href":"https:\/\/diarioregionaldigital.com.br\/index.php?rest_route=\/wp\/v2\/types\/post"}],"author":[{"embeddable":true,"href":"https:\/\/diarioregionaldigital.com.br\/index.php?rest_route=\/wp\/v2\/users\/96"}],"replies":[{"embeddable":true,"href":"https:\/\/diarioregionaldigital.com.br\/index.php?rest_route=%2Fwp%2Fv2%2Fcomments&post=150561"}],"version-history":[{"count":0,"href":"https:\/\/diarioregionaldigital.com.br\/index.php?rest_route=\/wp\/v2\/posts\/150561\/revisions"}],"wp:featuredmedia":[{"embeddable":true,"href":"https:\/\/diarioregionaldigital.com.br\/index.php?rest_route=\/wp\/v2\/media\/97343"}],"wp:attachment":[{"href":"https:\/\/diarioregionaldigital.com.br\/index.php?rest_route=%2Fwp%2Fv2%2Fmedia&parent=150561"}],"wp:term":[{"taxonomy":"category","embeddable":true,"href":"https:\/\/diarioregionaldigital.com.br\/index.php?rest_route=%2Fwp%2Fv2%2Fcategories&post=150561"},{"taxonomy":"post_tag","embeddable":true,"href":"https:\/\/diarioregionaldigital.com.br\/index.php?rest_route=%2Fwp%2Fv2%2Ftags&post=150561"}],"curies":[{"name":"wp","href":"https:\/\/api.w.org\/{rel}","templated":true}]}}