{"id":150476,"date":"2019-11-03T06:00:32","date_gmt":"2019-11-03T08:00:32","guid":{"rendered":"https:\/\/diarioregionaldigital.com.br\/?p=150476"},"modified":"2019-10-31T17:19:48","modified_gmt":"2019-10-31T19:19:48","slug":"acessibilidade-de-pessoas-com-deficiencia-a-sites-e-inferior-a-1","status":"publish","type":"post","link":"https:\/\/diarioregionaldigital.com.br\/?p=150476","title":{"rendered":"Acessibilidade de pessoas com defici\u00eancia a sites \u00e9 inferior a 1%"},"content":{"rendered":"<p>Um levantamento feito pelo Movimento Web para Todos, em parceria com a BigDataCorp, mostrou que, dos 14 milh\u00f5es de\u00a0sites\u00a0ativos no Brasil, menos de 1% passou nos testes de acessibilidade para pessoas com defici\u00eancia. Quando se fala dos\u00a0sites\u00a0governamentais das tr\u00eas esferas (federal, estadual e municipal), o percentual cai para 0,34%.<\/p>\n<p>Os dados mostram tamb\u00e9m que 93,7% dos sites brasileiros falhou em algum dos testes realizados, e 99,39% apresentaram pelo menos uma falha. Em 52,38% dos\u00a0sites, houve problemas de formul\u00e1rios e 83,56% falhas de\u00a0links. E 5,6% dos\u00a0sites\u00a0ativos (que tenham sido atualizados em at\u00e9 tr\u00eas meses atr\u00e1s) falharam em todos os testes aos quais foram submetidos.<\/p>\n<p>Segundo o presidente da BigDataCorp, Thoran Rodrigues, os testes avaliaram v\u00e1rios elementos das p\u00e1ginas para verificar barreiras de navega\u00e7\u00e3o enfrentadas pelas pessoas com defici\u00eancia, al\u00e9m das quest\u00f5es t\u00e9cnicas. Rodrigues disse que as falhas criam um obst\u00e1culo para quem tem alguma dificuldade e impossibilitam a navega\u00e7\u00e3o da pessoa com autonomia.<\/p>\n<p>&#8220;O que \u00e9 mais impressionante para mim \u00e9 que teoricamente essa valida\u00e7\u00e3o que fizemos, como \u00e9 estrutural e automatizada, n\u00e3o tem desculpa para ter a quantidade de problemas que encontramos, porque \u00e9 muito f\u00e1cil identificar esse tipo de problema e eventualmente corrigir. N\u00e3o \u00e9 que um\u00a0site\u00a0que falhou em um teste ser\u00e1 imposs\u00edvel para uma pessoa com defici\u00eancia, mas a experi\u00eancia na navega\u00e7\u00e3o deixar\u00e1 a desejar&#8221;, disse.<\/p>\n<p>A idealizadora do Movimento Web para Todos, Simone Freire, destacou que o estudo revela o que o mundo digital \u00e9 totalmente excludente para pessoas com algum tipo de defici\u00eancia, popula\u00e7\u00e3o que chega a 45 milh\u00f5es de pessoas no Brasil. &#8220;Independentemente da defici\u00eancia que eles t\u00eam, o mundo digital precisa estar preparado para esse tipo de navega\u00e7\u00e3o. A acessibilidade significa eliminar as barreiras de navega\u00e7\u00e3o para todos, n\u00e3o s\u00f3 para as pessoas com defici\u00eancia&#8221;.<\/p>\n<p>Simone lembrou que a Lei Brasileira de Inclus\u00e3o da Pessoa com Defici\u00eancia, sancionada em julho de 2015 e em vig\u00eancia desde janeiro de 2016, obriga organiza\u00e7\u00f5es com representa\u00e7\u00e3o no pa\u00eds a ter suas p\u00e1ginas na\u00a0web\u00a0acess\u00edveis para pessoas com defici\u00eancia. &#8220;Al\u00e9m do empoderamento e da empatia, falta conhecimento sobre essa lei e saber que esse acesso contribui para a amplia\u00e7\u00e3o do mercado. A acessibilidade melhora a experi\u00eancia para todos, traz prop\u00f3sito, e n\u00e3o \u00e9 dif\u00edcil de fazer&#8221;.<\/p>\n<p>Fonte: Ag\u00eancia Brasil<\/p>\n","protected":false},"excerpt":{"rendered":"<p>Um levantamento feito pelo Movimento Web para Todos, em parceria com a BigDataCorp, mostrou que, dos 14 milh\u00f5es de\u00a0sites\u00a0ativos no Brasil, menos de 1% passou nos testes de acessibilidade para pessoas com defici\u00eancia. Quando se fala dos\u00a0sites\u00a0governamentais das tr\u00eas esferas (federal, estadual e municipal), o percentual cai para 0,34%. Os dados mostram tamb\u00e9m que 93,7% [&hellip;]<\/p>\n","protected":false},"author":96,"featured_media":150472,"comment_status":"closed","ping_status":"closed","sticky":false,"template":"","format":"standard","meta":{"footnotes":""},"categories":[302,436,440,439],"tags":[],"class_list":["post-150476","post","type-post","status-publish","format-standard","has-post-thumbnail","hentry","category-brasil-mundo","category-destaque-da-semana","category-destaques-do-dia","category-ultima-hora"],"_links":{"self":[{"href":"https:\/\/diarioregionaldigital.com.br\/index.php?rest_route=\/wp\/v2\/posts\/150476","targetHints":{"allow":["GET"]}}],"collection":[{"href":"https:\/\/diarioregionaldigital.com.br\/index.php?rest_route=\/wp\/v2\/posts"}],"about":[{"href":"https:\/\/diarioregionaldigital.com.br\/index.php?rest_route=\/wp\/v2\/types\/post"}],"author":[{"embeddable":true,"href":"https:\/\/diarioregionaldigital.com.br\/index.php?rest_route=\/wp\/v2\/users\/96"}],"replies":[{"embeddable":true,"href":"https:\/\/diarioregionaldigital.com.br\/index.php?rest_route=%2Fwp%2Fv2%2Fcomments&post=150476"}],"version-history":[{"count":0,"href":"https:\/\/diarioregionaldigital.com.br\/index.php?rest_route=\/wp\/v2\/posts\/150476\/revisions"}],"wp:featuredmedia":[{"embeddable":true,"href":"https:\/\/diarioregionaldigital.com.br\/index.php?rest_route=\/wp\/v2\/media\/150472"}],"wp:attachment":[{"href":"https:\/\/diarioregionaldigital.com.br\/index.php?rest_route=%2Fwp%2Fv2%2Fmedia&parent=150476"}],"wp:term":[{"taxonomy":"category","embeddable":true,"href":"https:\/\/diarioregionaldigital.com.br\/index.php?rest_route=%2Fwp%2Fv2%2Fcategories&post=150476"},{"taxonomy":"post_tag","embeddable":true,"href":"https:\/\/diarioregionaldigital.com.br\/index.php?rest_route=%2Fwp%2Fv2%2Ftags&post=150476"}],"curies":[{"name":"wp","href":"https:\/\/api.w.org\/{rel}","templated":true}]}}