{"id":150412,"date":"2019-11-03T06:00:38","date_gmt":"2019-11-03T08:00:38","guid":{"rendered":"https:\/\/diarioregionaldigital.com.br\/?p=150412"},"modified":"2019-10-30T20:20:12","modified_gmt":"2019-10-30T22:20:12","slug":"plenario-aprova-limites-para-emprestimos-com-garantia-da-uniao","status":"publish","type":"post","link":"https:\/\/diarioregionaldigital.com.br\/?p=150412","title":{"rendered":"Plen\u00e1rio aprova limites para empr\u00e9stimos com garantia da Uni\u00e3o"},"content":{"rendered":"<p>A concess\u00e3o de garantias da Uni\u00e3o a empr\u00e9stimos dos estados, do Distrito Federal e dos munic\u00edpios ser\u00e1 limitada a R$ 22,5 bilh\u00f5es em 2019. O Projeto de Resolu\u00e7\u00e3o do Senado (PRS) <a class=\"external-link\" href=\"http:\/\/www25.senado.leg.br\/web\/atividade\/materias\/-\/materia\/139270\">102\/2019<\/a>, que cont\u00e9m o chamado intralimite proposto pelo Executivo, foi aprovado na \u00faltima quarta-feira (30) no Plen\u00e1rio. O texto segue para promulga\u00e7\u00e3o.<\/p>\n<p>A fixa\u00e7\u00e3o desses limites est\u00e1 prevista em resolu\u00e7\u00e3o do Senado que autoriza o presidente da Rep\u00fablica ou a Comiss\u00e3o de Assuntos Econ\u00f4micos (CAE) a definir um valor m\u00e1ximo para estas opera\u00e7\u00f5es. O Of\u00edcio 1\/2019 (renomeado para PRS 102\/2019) foi enviado ao Congresso no final de 2018, no governo do ent\u00e3o presidente Michel Temer.<\/p>\n<p>O senador Fl\u00e1vio Bolsonaro (PSL-RJ), relator do of\u00edcio na CAE, afirmou que a proposta est\u00e1 em conson\u00e2ncia com as estimativas de resultados prim\u00e1rios para os entes federados, com a capacidade de pagamento e com a previs\u00e3o do valor anual de novas opera\u00e7\u00f5es de cr\u00e9dito pass\u00edveis de contrata\u00e7\u00e3o por \u00f3rg\u00e3os e entidades do setor p\u00fablico.<\/p>\n<p>\u2014 Gostaria que o governo fosse sempre assim \u2014 disse a senadora Rose de Freitas (Podemos-ES).<\/p>\n<p>O limite previsto no texto \u00e9 dividido em tr\u00eas grupos: estados participantes do Regime de Recupera\u00e7\u00e3o Fiscal, com R$ 9,5 bilh\u00f5es; entes que aderiram ao Plano de Acompanhamento Fiscal (PAF), com R$ 8 bilh\u00f5es; e estados que n\u00e3o aderiram ao PAF, com garantias de R$ 5 bilh\u00f5es.<\/p>\n<p>As garantias da Uni\u00e3o s\u00e3o concedidas, por exemplo, quando estados e munic\u00edpios firmam contratos de empr\u00e9stimos com institui\u00e7\u00f5es como o Banco Mundial (BID), o Banco Interamericano de Desenvolvimento (Bird) e a Corpora\u00e7\u00e3o Andina de Fomento (CAF). Esses recursos costumam ser utilizados para investimentos em projetos de infraestrutura, sa\u00fade, saneamento, entre outros.<\/p>\n<p>Fonte: Ag\u00eancia Senado<\/p>\n","protected":false},"excerpt":{"rendered":"<p>A concess\u00e3o de garantias da Uni\u00e3o a empr\u00e9stimos dos estados, do Distrito Federal e dos munic\u00edpios ser\u00e1 limitada a R$ 22,5 bilh\u00f5es em 2019. O Projeto de Resolu\u00e7\u00e3o do Senado (PRS) 102\/2019, que cont\u00e9m o chamado intralimite proposto pelo Executivo, foi aprovado na \u00faltima quarta-feira (30) no Plen\u00e1rio. O texto segue para promulga\u00e7\u00e3o. A fixa\u00e7\u00e3o [&hellip;]<\/p>\n","protected":false},"author":96,"featured_media":150414,"comment_status":"closed","ping_status":"closed","sticky":false,"template":"","format":"standard","meta":{"footnotes":""},"categories":[436,254,439],"tags":[],"class_list":["post-150412","post","type-post","status-publish","format-standard","has-post-thumbnail","hentry","category-destaque-da-semana","category-politica","category-ultima-hora"],"_links":{"self":[{"href":"https:\/\/diarioregionaldigital.com.br\/index.php?rest_route=\/wp\/v2\/posts\/150412","targetHints":{"allow":["GET"]}}],"collection":[{"href":"https:\/\/diarioregionaldigital.com.br\/index.php?rest_route=\/wp\/v2\/posts"}],"about":[{"href":"https:\/\/diarioregionaldigital.com.br\/index.php?rest_route=\/wp\/v2\/types\/post"}],"author":[{"embeddable":true,"href":"https:\/\/diarioregionaldigital.com.br\/index.php?rest_route=\/wp\/v2\/users\/96"}],"replies":[{"embeddable":true,"href":"https:\/\/diarioregionaldigital.com.br\/index.php?rest_route=%2Fwp%2Fv2%2Fcomments&post=150412"}],"version-history":[{"count":0,"href":"https:\/\/diarioregionaldigital.com.br\/index.php?rest_route=\/wp\/v2\/posts\/150412\/revisions"}],"wp:featuredmedia":[{"embeddable":true,"href":"https:\/\/diarioregionaldigital.com.br\/index.php?rest_route=\/wp\/v2\/media\/150414"}],"wp:attachment":[{"href":"https:\/\/diarioregionaldigital.com.br\/index.php?rest_route=%2Fwp%2Fv2%2Fmedia&parent=150412"}],"wp:term":[{"taxonomy":"category","embeddable":true,"href":"https:\/\/diarioregionaldigital.com.br\/index.php?rest_route=%2Fwp%2Fv2%2Fcategories&post=150412"},{"taxonomy":"post_tag","embeddable":true,"href":"https:\/\/diarioregionaldigital.com.br\/index.php?rest_route=%2Fwp%2Fv2%2Ftags&post=150412"}],"curies":[{"name":"wp","href":"https:\/\/api.w.org\/{rel}","templated":true}]}}