{"id":150158,"date":"2019-10-28T14:44:44","date_gmt":"2019-10-28T16:44:44","guid":{"rendered":"https:\/\/diarioregionaldigital.com.br\/?p=150158"},"modified":"2019-10-28T14:44:44","modified_gmt":"2019-10-28T16:44:44","slug":"brasil-assina-oito-acordos-bilaterais-com-emirados-arabes","status":"publish","type":"post","link":"https:\/\/diarioregionaldigital.com.br\/?p=150158","title":{"rendered":"Brasil assina oito acordos bilaterais com Emirados \u00c1rabes"},"content":{"rendered":"<p>Em visita oficial aos Emirados \u00c1rabes Unidos, o presidente Jair Bolsonaro firmou oito atos bilaterais com o pa\u00eds do Oriente M\u00e9dio em v\u00e1rias \u00e1reas como paz e seguran\u00e7a, coopera\u00e7\u00e3o econ\u00f4mica, intelig\u00eancia artificial, meio ambiente e defesa. A comitiva brasileira foi recebida, neste domingo (27), em Abu Dhabi, pelo pr\u00edncipe herdeiro do pa\u00eds, Xeique Mohammed bin Zayed Al Nahyan.<\/p>\n<p>Bolsonaro est\u00e1 em visita a tr\u00eas pa\u00edses da regi\u00e3o. Depois dos Emirados \u00c1rabes, visita o Catar e a Ar\u00e1bia Saudita, que s\u00e3o grandes compradores de produtos do agroneg\u00f3cio brasileiro e compradores promissores de produtos de defesa. Os dois pa\u00edses s\u00e3o donos de grandes fundos soberanos em busca de oportunidades de investimento em pa\u00edses emergentes.<\/p>\n<p>\u201cO Brasil mudou de verdade, os n\u00fameros da economia comprovam o que estou falando, e o fato de estarmos reconquistando a confian\u00e7a do mundo todo faz com que cada vez mais pa\u00edses queiram firmar neg\u00f3cios com o Brasil\u201d, disse em entrevista \u00e0 Ag\u00eancia de Not\u00edcias dos Emirados \u00c1rabes, antes de deixar o pa\u00eds rumo ao Catar.<\/p>\n<h2>Acordos<\/h2>\n<p>Para despertar o interesse das companhias em expandir as atividades no Brasil, foi firmado entendimento com os Emirados \u00c1rabes para a troca de informa\u00e7\u00e3o sobre o ambiente de neg\u00f3cio e oportunidades de investimentos nos dois pa\u00edses, por meio de compartilhamento de experi\u00eancias e de melhores pr\u00e1ticas empresariais.<\/p>\n<p>Na \u00e1rea de defesa, os dois pa\u00edses pretendem constituir um fundo para expans\u00e3o da capacidade produtiva do setor no Brasil. O objetivo \u00e9 financiar projetos considerados priorit\u00e1rios pelos dois pa\u00edses.<\/p>\n<p>Os dois pa\u00edses tamb\u00e9m estabeleceram as diretrizes para a parceria no desenvolvimento, produ\u00e7\u00e3o e comercializa\u00e7\u00e3o de produtos de defesa. Tamb\u00e9m foi assinado ato para o desenvolvimento de iniciativas de alto n\u00edvel nas \u00e1reas de paz e seguran\u00e7a; de coopera\u00e7\u00e3o econ\u00f4mica, especialmente em com\u00e9rcio, investimento, ind\u00fastria, infraestrutura, agricultura, transporte e espa\u00e7o exterior; de coopera\u00e7\u00e3o energ\u00e9tica e articula\u00e7\u00e3o de mecanismos conjuntos nos setores do turismo, cultura e esportes.<\/p>\n<p>O Brasil e os Emirados \u00c1rabes ainda se comprometeram \u00e0 troca e prote\u00e7\u00e3o m\u00fatua de informa\u00e7\u00f5es. O acordo assinado estabelece, entre outros assuntos, equival\u00eancia dos n\u00edveis de classifica\u00e7\u00e3o, medidas de prote\u00e7\u00e3o, regras de acesso e transmiss\u00e3o de informa\u00e7\u00f5es classificadas, bem como provid\u00eancias relacionadas ao vazamento de dados sigilosos. Um outro memorando de entendimento prev\u00ea parceria entre institui\u00e7\u00f5es tecnol\u00f3gicas na \u00e1rea de intelig\u00eancia artificial por meio do desenvolvimento de programas de pesquisas b\u00e1sicas e aplicadas, realiza\u00e7\u00e3o de projetos conjuntos e participa\u00e7\u00f5es em eventos.<\/p>\n<p>Na \u00e1rea aduaneira, os dois pa\u00edses dever\u00e3o prestar assist\u00eancia m\u00fatua na preven\u00e7\u00e3o, combate e investiga\u00e7\u00e3o de infra\u00e7\u00f5es aduaneiras para garantir seguran\u00e7a e fluidez na cadeia log\u00edstica do com\u00e9rcio. Al\u00e9m disso, haver\u00e1 troca de informa\u00e7\u00f5es sobre assuntos de sua compet\u00eancia, tais como valora\u00e7\u00e3o aduaneira, regras de origem e classifica\u00e7\u00e3o tarif\u00e1ria.<\/p>\n<p>Os \u00f3rg\u00e3os de meio ambiente tamb\u00e9m v\u00e3o cooperar nas \u00e1reas de conserva\u00e7\u00e3o ambiental e de esp\u00e9cies amea\u00e7adas e desenvolver iniciativas em ecoturismo, gest\u00e3o de zonas \u00famidas, entre outros.<\/p>\n<h2>Viagem<\/h2>\n<p>H\u00e1 mais de 10 anos um chefe de Estado brasileiro n\u00e3o visitava os Emirados \u00c1rabes Unidos, segundo maior parceiro do Brasil na regi\u00e3o. J\u00e1 o Brasil \u00e9 o principal parceiro do pa\u00eds na Am\u00e9rica Latina.<\/p>\n<p>Ao chegar a Abu Dhabi, no s\u00e1bado (26), Bolsonaro participou da cerim\u00f4nia de Oferenda Floral.<\/p>\n<p>Neste domingo (27), o presidente brasileiro se\u00a0reuniu com empres\u00e1rio no Semin\u00e1rio Empresarial Brasil-Emirados \u00c1rabes Unidos, e se encontrou com atletas brasileiros e dos emirados praticantes de jiu-jitsu. Cerca de 10 mil brasileiros vivem nos Emirados \u00c1rabes, muitos buscam a pr\u00e1tica dessa arte marcial, que \u00e9 obrigat\u00f3ria nas academias militares do pa\u00eds.<\/p>\n<p>\u201cO encontro com empres\u00e1rios e autoridades desse pa\u00eds, para mim, foi sensacional, e tenho certeza eu brevemente tudo que n\u00f3s conversamos aqui ser\u00e1 concretizado. O Brasil tem muito a oferecer e n\u00f3s precisamos tamb\u00e9m dos Emirados \u00c1rabes para o desenvolvimento do nosso pa\u00eds\u201d, disse, destacando que h\u00e1 mais de 5 milh\u00f5es de \u00e1rabes morando no Brasil.<\/p>\n<p>Antes de chegar ao Oriente M\u00e9dio,\u00a0Bolsonaro passou por China e Jap\u00e3o\u00a0para divulgar as reformas que o governo este empreendendo no campo econ\u00f4mico e divulgar as oportunidades de neg\u00f3cio no Brasil.<\/p>\n<div><\/div>\n<p>Fonte: Ag\u00eancia Brasil<\/p>\n","protected":false},"excerpt":{"rendered":"<p>Em visita oficial aos Emirados \u00c1rabes Unidos, o presidente Jair Bolsonaro firmou oito atos bilaterais com o pa\u00eds do Oriente M\u00e9dio em v\u00e1rias \u00e1reas como paz e seguran\u00e7a, coopera\u00e7\u00e3o econ\u00f4mica, intelig\u00eancia artificial, meio ambiente e defesa. A comitiva brasileira foi recebida, neste domingo (27), em Abu Dhabi, pelo pr\u00edncipe herdeiro do pa\u00eds, Xeique Mohammed bin [&hellip;]<\/p>\n","protected":false},"author":96,"featured_media":150159,"comment_status":"closed","ping_status":"closed","sticky":false,"template":"","format":"standard","meta":{"footnotes":""},"categories":[436,254,439],"tags":[],"class_list":["post-150158","post","type-post","status-publish","format-standard","has-post-thumbnail","hentry","category-destaque-da-semana","category-politica","category-ultima-hora"],"_links":{"self":[{"href":"https:\/\/diarioregionaldigital.com.br\/index.php?rest_route=\/wp\/v2\/posts\/150158","targetHints":{"allow":["GET"]}}],"collection":[{"href":"https:\/\/diarioregionaldigital.com.br\/index.php?rest_route=\/wp\/v2\/posts"}],"about":[{"href":"https:\/\/diarioregionaldigital.com.br\/index.php?rest_route=\/wp\/v2\/types\/post"}],"author":[{"embeddable":true,"href":"https:\/\/diarioregionaldigital.com.br\/index.php?rest_route=\/wp\/v2\/users\/96"}],"replies":[{"embeddable":true,"href":"https:\/\/diarioregionaldigital.com.br\/index.php?rest_route=%2Fwp%2Fv2%2Fcomments&post=150158"}],"version-history":[{"count":0,"href":"https:\/\/diarioregionaldigital.com.br\/index.php?rest_route=\/wp\/v2\/posts\/150158\/revisions"}],"wp:featuredmedia":[{"embeddable":true,"href":"https:\/\/diarioregionaldigital.com.br\/index.php?rest_route=\/wp\/v2\/media\/150159"}],"wp:attachment":[{"href":"https:\/\/diarioregionaldigital.com.br\/index.php?rest_route=%2Fwp%2Fv2%2Fmedia&parent=150158"}],"wp:term":[{"taxonomy":"category","embeddable":true,"href":"https:\/\/diarioregionaldigital.com.br\/index.php?rest_route=%2Fwp%2Fv2%2Fcategories&post=150158"},{"taxonomy":"post_tag","embeddable":true,"href":"https:\/\/diarioregionaldigital.com.br\/index.php?rest_route=%2Fwp%2Fv2%2Ftags&post=150158"}],"curies":[{"name":"wp","href":"https:\/\/api.w.org\/{rel}","templated":true}]}}