{"id":150154,"date":"2019-10-28T14:30:58","date_gmt":"2019-10-28T16:30:58","guid":{"rendered":"https:\/\/diarioregionaldigital.com.br\/?p=150154"},"modified":"2019-10-28T14:30:58","modified_gmt":"2019-10-28T16:30:58","slug":"mercado-financeiro-eleva-estimativa-de-inflacao-este-ano-para-329","status":"publish","type":"post","link":"https:\/\/diarioregionaldigital.com.br\/?p=150154","title":{"rendered":"Mercado financeiro eleva estimativa de infla\u00e7\u00e3o este ano para 3,29%"},"content":{"rendered":"<p>Ap\u00f3s onze semanas em queda, as institui\u00e7\u00f5es financeiras consultadas pelo Banco Central (BC) aumentaram a estimativa para a infla\u00e7\u00e3o este ano. A proje\u00e7\u00e3o para o \u00cdndice Nacional de Pre\u00e7os ao Consumidor Amplo (IPCA \u2013 a infla\u00e7\u00e3o oficial do pa\u00eds) subiu de 3,26% para 3,29%.<\/p>\n<p>A informa\u00e7\u00e3o consta do boletim Focus, publicado `{as segundas-feiras pelo Banco Central (BC), com proje\u00e7\u00f5es de institui\u00e7\u00f5es para os principais indicadores econ\u00f4micos.<\/p>\n<p>Para 2020, a estimativa de infla\u00e7\u00e3o caiu de 3,66% para 3,60%, na quinta redu\u00e7\u00e3o seguida. A previs\u00e3o para os anos seguintes n\u00e3o teve altera\u00e7\u00f5es: 3,75% em 2021, e 3,50% em 2022.<\/p>\n<p>As proje\u00e7\u00f5es para 2019 e 2020 est\u00e3o abaixo do centro da meta de infla\u00e7\u00e3o que deve ser perseguida pelo BC. A meta de infla\u00e7\u00e3o, definida pelo Conselho Monet\u00e1rio Nacional, \u00e9 4,25% em 2019, 4% em 2020, 3,75% em 2021 e 3,50% em 2022, com intervalo de toler\u00e2ncia de 1,5 ponto percentual para cima ou para baixo.<\/p>\n<p>O principal instrumento usado pelo BC para controlar a infla\u00e7\u00e3o \u00e9 a taxa b\u00e1sica de juros, a Selic, atualmente em 5,5% ao ano.<\/p>\n<p>De acordo com as institui\u00e7\u00f5es financeiras, a Selic deve cair para 4,5% ao ano at\u00e9 o fim de 2019. Para 2020, a expectativa \u00e9 que a taxa b\u00e1sica permane\u00e7a nesse mesmo patamar. Para 2010 e 2022, as institui\u00e7\u00f5es financeiras estimam que a Selic termine o per\u00edodo em 6,38% ao ano e 6,5% ao ano, respectivamente.<\/p>\n<h2>Cr\u00e9dito mais barato<\/h2>\n<p>Quando o Comit\u00ea de Pol\u00edtica Monet\u00e1ria (Copom) do BC reduz a Selic, como prev\u00ea o mercado financeiro este ano, a tend\u00eancia \u00e9 que o cr\u00e9dito fique mais barato, com incentivo \u00e0 produ\u00e7\u00e3o e ao consumo, reduzindo o controle da infla\u00e7\u00e3o e estimulando a atividade econ\u00f4mica.<\/p>\n<p>J\u00e1 quando o Copom aumenta a taxa b\u00e1sica de juros, o objetivo \u00e9 conter a demanda aquecida, e isso causa reflexos nos pre\u00e7os porque os juros mais altos encarecem o cr\u00e9dito e estimulam a poupan\u00e7a. E a manuten\u00e7\u00e3o da Selic indica que o Copom considera as altera\u00e7\u00f5es anteriores suficientes para chegar \u00e0 meta de infla\u00e7\u00e3o.<\/p>\n<h2>Atividade econ\u00f4mica<\/h2>\n<p>A proje\u00e7\u00e3o para a expans\u00e3o do Produto Interno Bruto (PIB) \u2013 a soma de todos os bens e servi\u00e7os produzidos no pa\u00eds \u2013 subiu de 0,88% para 0,91%. As estimativas para os anos seguintes n\u00e3o foram alteradas: 2% em 2020; e 2,50% em 2021 e 2022.<\/p>\n<p>A previs\u00e3o do mercado financeiro para a cota\u00e7\u00e3o do d\u00f3lar tamb\u00e9m permanece em R$ 4 para o fim deste ano e para 2020.<\/p>\n<p>Fonte: Ag\u00eancia Brasil<\/p>\n","protected":false},"excerpt":{"rendered":"<p>Ap\u00f3s onze semanas em queda, as institui\u00e7\u00f5es financeiras consultadas pelo Banco Central (BC) aumentaram a estimativa para a infla\u00e7\u00e3o este ano. A proje\u00e7\u00e3o para o \u00cdndice Nacional de Pre\u00e7os ao Consumidor Amplo (IPCA \u2013 a infla\u00e7\u00e3o oficial do pa\u00eds) subiu de 3,26% para 3,29%. A informa\u00e7\u00e3o consta do boletim Focus, publicado `{as segundas-feiras pelo Banco [&hellip;]<\/p>\n","protected":false},"author":96,"featured_media":150156,"comment_status":"closed","ping_status":"closed","sticky":false,"template":"","format":"standard","meta":{"footnotes":""},"categories":[436,261,439],"tags":[],"class_list":["post-150154","post","type-post","status-publish","format-standard","has-post-thumbnail","hentry","category-destaque-da-semana","category-economia","category-ultima-hora"],"_links":{"self":[{"href":"https:\/\/diarioregionaldigital.com.br\/index.php?rest_route=\/wp\/v2\/posts\/150154","targetHints":{"allow":["GET"]}}],"collection":[{"href":"https:\/\/diarioregionaldigital.com.br\/index.php?rest_route=\/wp\/v2\/posts"}],"about":[{"href":"https:\/\/diarioregionaldigital.com.br\/index.php?rest_route=\/wp\/v2\/types\/post"}],"author":[{"embeddable":true,"href":"https:\/\/diarioregionaldigital.com.br\/index.php?rest_route=\/wp\/v2\/users\/96"}],"replies":[{"embeddable":true,"href":"https:\/\/diarioregionaldigital.com.br\/index.php?rest_route=%2Fwp%2Fv2%2Fcomments&post=150154"}],"version-history":[{"count":0,"href":"https:\/\/diarioregionaldigital.com.br\/index.php?rest_route=\/wp\/v2\/posts\/150154\/revisions"}],"wp:featuredmedia":[{"embeddable":true,"href":"https:\/\/diarioregionaldigital.com.br\/index.php?rest_route=\/wp\/v2\/media\/150156"}],"wp:attachment":[{"href":"https:\/\/diarioregionaldigital.com.br\/index.php?rest_route=%2Fwp%2Fv2%2Fmedia&parent=150154"}],"wp:term":[{"taxonomy":"category","embeddable":true,"href":"https:\/\/diarioregionaldigital.com.br\/index.php?rest_route=%2Fwp%2Fv2%2Fcategories&post=150154"},{"taxonomy":"post_tag","embeddable":true,"href":"https:\/\/diarioregionaldigital.com.br\/index.php?rest_route=%2Fwp%2Fv2%2Ftags&post=150154"}],"curies":[{"name":"wp","href":"https:\/\/api.w.org\/{rel}","templated":true}]}}