{"id":150144,"date":"2019-10-27T06:00:41","date_gmt":"2019-10-27T08:00:41","guid":{"rendered":"https:\/\/diarioregionaldigital.com.br\/?p=150144"},"modified":"2019-10-27T03:36:03","modified_gmt":"2019-10-27T05:36:03","slug":"prefeitura-de-tocantins-processo-no086-27-10-19","status":"publish","type":"post","link":"https:\/\/diarioregionaldigital.com.br\/?p=150144","title":{"rendered":"Prefeitura de Tocantins &#8211; Processo n\u00ba086 &#8211; 27\/10\/19"},"content":{"rendered":"<p style=\"text-align: center;\"><strong>PREFEITURA DE TOCANTINS\/MG<\/strong><\/p>\n<p style=\"text-align: center;\"><strong>ATA DE JULGAMENTO \/ CONVOCA\u00c7\u00c3O<\/strong><\/p>\n<p style=\"text-align: center;\"><strong>PROCESSO N\u00b0086\/2019<\/strong><\/p>\n<p style=\"text-align: center;\"><strong>PREG\u00c3O N\u00b071\/2019<\/strong><\/p>\n<p style=\"text-align: center;\">Aos 25 dias do m\u00eas de outubro de dois mil e dezenove, \u00a0a comiss\u00e3o permanente de licita\u00e7\u00e3o reuniram-se na sala de licita\u00e7\u00e3o para julgamento dos pedidos de recursos e contrarraz\u00f5es do referido processo.<\/p>\n<p style=\"text-align: center;\">Ap\u00f3s an\u00e1lise e seguindo orienta\u00e7\u00f5es do parecer da assessoria jur\u00eddica fls.241\/242, fica decidido que: \u00a0<strong>\u201cIMPROVIMENTO do recurso administrativo apresentado pela empresa LIDER PRESTADORA DE SERVI\u00c7OS LTDA EPP, bem como PROVIMENTO do recurso aviado pela empresa MARILENE DE LURDES DIAS \u2013 ME, raz\u00e3o pela qual dever\u00e1 ser\u00a0<u>desclassificada\u00a0<\/u>a empresa MADONA PINTO EIRELI, convocando-se\u00a0 2\u00b0 classificada para negocia\u00e7\u00e3o do pre\u00e7o objeto do certame, at\u00e9 o limite por ela ofertado&#8230;\u201d.<\/strong><\/p>\n<p style=\"text-align: center;\">Portanto, fica desde j\u00e1\u00a0<u>intimada<\/u>\u00a0a empresa\u00a0<strong>LIDER PRESTADORA DE SERVI\u00c7OS LTDA EPP, CNPJ 12.665.182\/0001-07\u00a0<\/strong>a comparecer na sala de licita\u00e7\u00e3o da Prefeitura Municipal de Tocantins\/MG, Av. Pe. M\u00e1c\u00e1rio,129 Centro;\u00a0<strong>no dia 30\/10\/2019 \u00e0s 13:30hs para negocia\u00e7\u00f5es.<\/strong>\u00a0Tocantins, 25 de outubro de 2019. ANA LUCIA RODRIGUES-PREGOEIRA; LUIZ FERNANDO BARBOSA \u2013 PREGOEIRO; THIAGO CARVALHAIS COELHO \u2013 MEMBRO DA EQUIPE DE APOIO; D\u00c9CIO ROBERTI PINTO \u2013 MEMBRO DA EQUIPE DE APOIO.<\/p>\n","protected":false},"excerpt":{"rendered":"<p>PREFEITURA DE TOCANTINS\/MG ATA DE JULGAMENTO \/ CONVOCA\u00c7\u00c3O PROCESSO N\u00b0086\/2019 PREG\u00c3O N\u00b071\/2019 Aos 25 dias do m\u00eas de outubro de dois mil e dezenove, \u00a0a comiss\u00e3o permanente de licita\u00e7\u00e3o reuniram-se na sala de licita\u00e7\u00e3o para julgamento dos pedidos de recursos e contrarraz\u00f5es do referido processo. Ap\u00f3s an\u00e1lise e seguindo orienta\u00e7\u00f5es do parecer da assessoria jur\u00eddica [&hellip;]<\/p>\n","protected":false},"author":96,"featured_media":0,"comment_status":"closed","ping_status":"closed","sticky":false,"template":"","format":"standard","meta":{"footnotes":""},"categories":[307],"tags":[],"class_list":["post-150144","post","type-post","status-publish","format-standard","hentry","category-editais"],"_links":{"self":[{"href":"https:\/\/diarioregionaldigital.com.br\/index.php?rest_route=\/wp\/v2\/posts\/150144","targetHints":{"allow":["GET"]}}],"collection":[{"href":"https:\/\/diarioregionaldigital.com.br\/index.php?rest_route=\/wp\/v2\/posts"}],"about":[{"href":"https:\/\/diarioregionaldigital.com.br\/index.php?rest_route=\/wp\/v2\/types\/post"}],"author":[{"embeddable":true,"href":"https:\/\/diarioregionaldigital.com.br\/index.php?rest_route=\/wp\/v2\/users\/96"}],"replies":[{"embeddable":true,"href":"https:\/\/diarioregionaldigital.com.br\/index.php?rest_route=%2Fwp%2Fv2%2Fcomments&post=150144"}],"version-history":[{"count":0,"href":"https:\/\/diarioregionaldigital.com.br\/index.php?rest_route=\/wp\/v2\/posts\/150144\/revisions"}],"wp:attachment":[{"href":"https:\/\/diarioregionaldigital.com.br\/index.php?rest_route=%2Fwp%2Fv2%2Fmedia&parent=150144"}],"wp:term":[{"taxonomy":"category","embeddable":true,"href":"https:\/\/diarioregionaldigital.com.br\/index.php?rest_route=%2Fwp%2Fv2%2Fcategories&post=150144"},{"taxonomy":"post_tag","embeddable":true,"href":"https:\/\/diarioregionaldigital.com.br\/index.php?rest_route=%2Fwp%2Fv2%2Ftags&post=150144"}],"curies":[{"name":"wp","href":"https:\/\/api.w.org\/{rel}","templated":true}]}}