{"id":150052,"date":"2019-10-27T06:00:42","date_gmt":"2019-10-27T08:00:42","guid":{"rendered":"https:\/\/diarioregionaldigital.com.br\/?p=150052"},"modified":"2019-10-24T19:43:11","modified_gmt":"2019-10-24T21:43:11","slug":"filme-produzido-por-alunos-da-ufjf-participa-de-festival-na-franca","status":"publish","type":"post","link":"https:\/\/diarioregionaldigital.com.br\/?p=150052","title":{"rendered":"Filme produzido por alunos da UFJF participa de festival na Fran\u00e7a"},"content":{"rendered":"<p>A Universidade Federal de Juiz de Fora (UFJF) estar\u00e1 representada em um dos festivais mais importantes de cinema LGBTQI+ da Europa, o Ch\u00e9ries-Ch\u00e9ri, realizado em Paris, na Fran\u00e7a entre os dias 16 e 26 de novembro. O curta \u201cQueer I\u201d, dirigido pelos alunos Ciro Cavalcanti e Danielle Menezes em parceria com o diretor Antony Hickling, participa na categoria de curtas-metragens com tem\u00e1tica queer, concorrendo com filmes dos Estados Unidos, B\u00e9lgica e Fran\u00e7a.<\/p>\n<p>O filme surgiu a partir de uma oficina realizada na III Semana Rainbow pelo diretor franco-ingl\u00eas, Antony Hickling. O curta aborda as rela\u00e7\u00f5es entre a natureza, o org\u00e2nico e os corpos diversos, buscando responder \u00e0 quest\u00e3o sobre \u201co que \u00e9 queer?\u201d. A ideia original foi se desenvolvendo para al\u00e9m do evento e da atividade, consolidando-se de fato como um curta em outubro, quando os participantes da oficina decidiram pelo formato e concep\u00e7\u00e3o final da produ\u00e7\u00e3o.<\/p>\n<p>O curta foi gravado inteiramente com o uso de celulares, ideia proposta para desafiar a criatividade dos diretores e tamb\u00e9m para reduzir os custos da produ\u00e7\u00e3o. Para o coordenador de produ\u00e7\u00e3o do filme e professor do departamento de Turismo da UFJF, Marcelo Carmo, a participa\u00e7\u00e3o do diretor anglo-franc\u00eas foi fundamental por permitir que \u201co filme pudesse ser gerado, produzido e finalizado totalmente atrav\u00e9s do uso de aparelhos celulares. Foi um exerc\u00edcio de equipe que n\u00e3o poderia ter sido feito sem a vis\u00e3o dele.\u201d<\/p>\n<p>&nbsp;<\/p>\n<p><strong>Aprendizado e oportunidade<\/strong><\/p>\n<p>A idealiza\u00e7\u00e3o da produ\u00e7\u00e3o de um curta foi abra\u00e7ada pelos participantes da oficina t\u00e3o logo foi proposta. A ideia, que iniciou com uma forma de abordar a multiplicidade e a diversidade da natureza humana e do meio-ambiente, se expandiu ao longo da elabora\u00e7\u00e3o do filme, abordando quest\u00f5es como a liberdade e a presen\u00e7a de corpos diversos na sociedade atual.<\/p>\n<p>A produ\u00e7\u00e3o do curta mostrou-se cada vez mais presente no cotidiano dos diretores, como afirma Danielle Menezes, co-diretora do curta. Para ela, o contato com a profissionaliza\u00e7\u00e3o exigida de um processo de cria\u00e7\u00e3o como esse foi essencial para o resultado final. \u201cNo come\u00e7o, entramos com a cabe\u00e7a de que seria uma coisa muito simples. Mas quando tivemos contato com o Antony e com o que ele esperava, pudemos perceber que era um grande volume de trabalho. Foram mais de 15 vers\u00f5es at\u00e9 chegarmos no produto final que temos hoje, o que ampliou muito nossas perspectivas de produ\u00e7\u00e3o.\u201d<\/p>\n<p>Para o outro diretor de \u201cQueer I\u201d, Ciro Calvacanti, a participa\u00e7\u00e3o do filme em um festival como o Ch\u00e9rie-Ch\u00e9ri foi uma oportunidade impens\u00e1vel antes da oficina. \u201cA oportunidade de participar e viajar para um festival como esse, enquanto aluno de gradua\u00e7\u00e3o e representando a nossa Universidade, \u00e9 uma chance \u00fanica para n\u00f3s. Em um contexto de falta de recursos p\u00fablicos, a produ\u00e7\u00e3o de um curta como esse \u00e9 um desafio muito grande. Foi uma carga profissional de interc\u00e2mbio maravilhosa para a nossa constru\u00e7\u00e3o enquanto alunos e diretores.\u201d<\/p>\n<p>&nbsp;<\/p>\n<p><strong>Sobre o festival<\/strong><\/p>\n<p>Criado em 1994 com o nome de Cinema de Gays e L\u00e9sbicas de Paris (FFGLP), o\u00a0<a href=\"https:\/\/cheries-cheris.com\/festival\/\">Ch\u00e9ries-Ch\u00e9ri<\/a>\u00a0\u00e9 um festival anual realizado em Paris entre outubro e novembro. A ideia \u00e9 exibir produ\u00e7\u00f5es de filmes LGBTQI+ originais e in\u00e9ditos, oferecendo um local de express\u00e3o para artistas da comunidade poderem divulgar e exibir seus trabalhos. O nome atual vem da express\u00e3o \u201cQuerida, querida\u201d, repetida pela atriz Alice Sapritch, na pe\u00e7a \u201cCh\u00e9ries-Ch\u00e9ris\u201d, de 1980.<\/p>\n<p>O festival, que est\u00e1 em sua 25\u00aa edi\u00e7\u00e3o, acontece entre os dias 16 e 26 de novembro. A programa\u00e7\u00e3o conta com a exibi\u00e7\u00e3o de longas-metragens, curtas-metragens, document\u00e1rios e mostras de cinema internacional, al\u00e9m de premia\u00e7\u00f5es para as competi\u00e7\u00f5es diversas presentes no festival. Os alunos est\u00e3o se mobilizando para viabilizar recursos para a viagem.<\/p>\n<p>O projeto \u00e9 viabilizado com recursos de emenda parlamentar da deputada federal Margarida Salom\u00e3o (PT-MG).<\/p>\n<p>&nbsp;<\/p>\n<p>Fonte: UFJF<\/p>\n","protected":false},"excerpt":{"rendered":"<p>A Universidade Federal de Juiz de Fora (UFJF) estar\u00e1 representada em um dos festivais mais importantes de cinema LGBTQI+ da Europa, o Ch\u00e9ries-Ch\u00e9ri, realizado em Paris, na Fran\u00e7a entre os dias 16 e 26 de novembro. O curta \u201cQueer I\u201d, dirigido pelos alunos Ciro Cavalcanti e Danielle Menezes em parceria com o diretor Antony Hickling, [&hellip;]<\/p>\n","protected":false},"author":96,"featured_media":150053,"comment_status":"closed","ping_status":"closed","sticky":false,"template":"","format":"standard","meta":{"footnotes":""},"categories":[253,436,440,439],"tags":[],"class_list":["post-150052","post","type-post","status-publish","format-standard","has-post-thumbnail","hentry","category-cidade","category-destaque-da-semana","category-destaques-do-dia","category-ultima-hora"],"_links":{"self":[{"href":"https:\/\/diarioregionaldigital.com.br\/index.php?rest_route=\/wp\/v2\/posts\/150052","targetHints":{"allow":["GET"]}}],"collection":[{"href":"https:\/\/diarioregionaldigital.com.br\/index.php?rest_route=\/wp\/v2\/posts"}],"about":[{"href":"https:\/\/diarioregionaldigital.com.br\/index.php?rest_route=\/wp\/v2\/types\/post"}],"author":[{"embeddable":true,"href":"https:\/\/diarioregionaldigital.com.br\/index.php?rest_route=\/wp\/v2\/users\/96"}],"replies":[{"embeddable":true,"href":"https:\/\/diarioregionaldigital.com.br\/index.php?rest_route=%2Fwp%2Fv2%2Fcomments&post=150052"}],"version-history":[{"count":0,"href":"https:\/\/diarioregionaldigital.com.br\/index.php?rest_route=\/wp\/v2\/posts\/150052\/revisions"}],"wp:featuredmedia":[{"embeddable":true,"href":"https:\/\/diarioregionaldigital.com.br\/index.php?rest_route=\/wp\/v2\/media\/150053"}],"wp:attachment":[{"href":"https:\/\/diarioregionaldigital.com.br\/index.php?rest_route=%2Fwp%2Fv2%2Fmedia&parent=150052"}],"wp:term":[{"taxonomy":"category","embeddable":true,"href":"https:\/\/diarioregionaldigital.com.br\/index.php?rest_route=%2Fwp%2Fv2%2Fcategories&post=150052"},{"taxonomy":"post_tag","embeddable":true,"href":"https:\/\/diarioregionaldigital.com.br\/index.php?rest_route=%2Fwp%2Fv2%2Ftags&post=150052"}],"curies":[{"name":"wp","href":"https:\/\/api.w.org\/{rel}","templated":true}]}}