{"id":150047,"date":"2019-10-27T06:00:59","date_gmt":"2019-10-27T08:00:59","guid":{"rendered":"https:\/\/diarioregionaldigital.com.br\/?p=150047"},"modified":"2019-10-24T19:41:05","modified_gmt":"2019-10-24T21:41:05","slug":"anistia-prazo-para-pagamento-com-100-de-desconto-em-3-vezes-termina-nesta-semana","status":"publish","type":"post","link":"https:\/\/diarioregionaldigital.com.br\/?p=150047","title":{"rendered":"Anistia: Prazo para pagamento com 100% de desconto em 3 vezes termina nesta semana"},"content":{"rendered":"<p>O prazo para contribuintes com d\u00e9bito tribut\u00e1rio ou n\u00e3o tribut\u00e1rio, inscrito na d\u00edvida ativa, solicitarem descontos de 100% na multa de mora e nos juros de mora para pagamento em tr\u00eas parcelas termina na pr\u00f3xima quinta-feira, 31 de outubro.<\/p>\n<p>Al\u00e9m deste, o prazo tamb\u00e9m se encerra para pedidos de descontos de 50% na multa de mora e nos juros de mora para pagamento em 12 vezes.<\/p>\n<p>A \u201cLei de Anistia\u201d foi sancionada pelo prefeito Ant\u00f4nio Almas (PSDB) no \u00faltimo dia 5 de outubro.\u00a0 A lei prev\u00ea descontos de at\u00e9 100% nos juros e multas de mora.<\/p>\n<p>A renegocia\u00e7\u00e3o come\u00e7ou na segunda-feira, 7, e os interessados em requerer os benef\u00edcios oferecidos podem procurar o posto de atendimento, montado entre o pr\u00e9dio da Funda\u00e7\u00e3o Cultural \u201cAlfredo Ferreira Lage\u201d (Funalfa) e da C\u00e2mara Municipal, no Parque Halfeld, munido de documentos pessoais e do n\u00famero da inscri\u00e7\u00e3o referente ao d\u00e9bito.. O atendimento funciona de segunda a sexta-feira, das 8 \u00e0s 18 horas.<\/p>\n<p>A\u00a0<a href=\"https:\/\/www.pjf.mg.gov.br\/e_atos\/e_atos_vis.php?id=71473\">Lei de Anistia<\/a>\u00a0tamb\u00e9m oferece as seguintes formas de pagamento:<\/p>\n<p>&nbsp;<\/p>\n<ul>\n<li><strong>100% na multa de mora e nos juros de mora<\/strong><\/li>\n<\/ul>\n<p>&#8211; em duas parcelas, desde que seja requerido at\u00e9 30 de novembro;<\/p>\n<p>&#8211; \u00e0 vista, desde que seja requerido at\u00e9 20 de dezembro.<\/p>\n<p>&nbsp;<\/p>\n<ul>\n<li><strong>50% na multa de mora e nos juros de mora<\/strong><\/li>\n<\/ul>\n<p>&#8211; em at\u00e9 11 parcelas, desde que seja requerido at\u00e9 30 de novembro;<\/p>\n<p>&#8211; em at\u00e9 dez parcelas, desde que seja requerido at\u00e9 20 de dezembro.<\/p>\n<p>&nbsp;<\/p>\n<p>Conforme a norma publicada, al\u00e9m dos descontos, uma novidade que a \u201cLei de Anistia\u201d traz este ano \u00e9 a redu\u00e7\u00e3o de 80% na multa de mora e de 100% nos juros de mora das multas de tr\u00e2nsito. Neste caso, o pagamento dever\u00e1 ser \u00e0 vista, e o contribuinte precisa requerer o benef\u00edcio at\u00e9 20 de dezembro.<\/p>\n<p>&nbsp;<\/p>\n<p>&nbsp;<\/p>\n","protected":false},"excerpt":{"rendered":"<p>O prazo para contribuintes com d\u00e9bito tribut\u00e1rio ou n\u00e3o tribut\u00e1rio, inscrito na d\u00edvida ativa, solicitarem descontos de 100% na multa de mora e nos juros de mora para pagamento em tr\u00eas parcelas termina na pr\u00f3xima quinta-feira, 31 de outubro. Al\u00e9m deste, o prazo tamb\u00e9m se encerra para pedidos de descontos de 50% na multa de [&hellip;]<\/p>\n","protected":false},"author":96,"featured_media":150056,"comment_status":"closed","ping_status":"closed","sticky":false,"template":"","format":"standard","meta":{"footnotes":""},"categories":[253,436,440,439],"tags":[],"class_list":["post-150047","post","type-post","status-publish","format-standard","has-post-thumbnail","hentry","category-cidade","category-destaque-da-semana","category-destaques-do-dia","category-ultima-hora"],"_links":{"self":[{"href":"https:\/\/diarioregionaldigital.com.br\/index.php?rest_route=\/wp\/v2\/posts\/150047","targetHints":{"allow":["GET"]}}],"collection":[{"href":"https:\/\/diarioregionaldigital.com.br\/index.php?rest_route=\/wp\/v2\/posts"}],"about":[{"href":"https:\/\/diarioregionaldigital.com.br\/index.php?rest_route=\/wp\/v2\/types\/post"}],"author":[{"embeddable":true,"href":"https:\/\/diarioregionaldigital.com.br\/index.php?rest_route=\/wp\/v2\/users\/96"}],"replies":[{"embeddable":true,"href":"https:\/\/diarioregionaldigital.com.br\/index.php?rest_route=%2Fwp%2Fv2%2Fcomments&post=150047"}],"version-history":[{"count":0,"href":"https:\/\/diarioregionaldigital.com.br\/index.php?rest_route=\/wp\/v2\/posts\/150047\/revisions"}],"wp:featuredmedia":[{"embeddable":true,"href":"https:\/\/diarioregionaldigital.com.br\/index.php?rest_route=\/wp\/v2\/media\/150056"}],"wp:attachment":[{"href":"https:\/\/diarioregionaldigital.com.br\/index.php?rest_route=%2Fwp%2Fv2%2Fmedia&parent=150047"}],"wp:term":[{"taxonomy":"category","embeddable":true,"href":"https:\/\/diarioregionaldigital.com.br\/index.php?rest_route=%2Fwp%2Fv2%2Fcategories&post=150047"},{"taxonomy":"post_tag","embeddable":true,"href":"https:\/\/diarioregionaldigital.com.br\/index.php?rest_route=%2Fwp%2Fv2%2Ftags&post=150047"}],"curies":[{"name":"wp","href":"https:\/\/api.w.org\/{rel}","templated":true}]}}