{"id":150040,"date":"2019-10-27T06:00:35","date_gmt":"2019-10-27T08:00:35","guid":{"rendered":"https:\/\/diarioregionaldigital.com.br\/?p=150040"},"modified":"2019-10-28T15:05:33","modified_gmt":"2019-10-28T17:05:33","slug":"comissao-declara-que-poliomielite-tipo-3-foi-erradicada-do-mundo","status":"publish","type":"post","link":"https:\/\/diarioregionaldigital.com.br\/?p=150040","title":{"rendered":"Comiss\u00e3o declara que poliomielite tipo 3 foi erradicada do mundo"},"content":{"rendered":"<p>Em um evento na sede da Organiza\u00e7\u00e3o Mundial da Sa\u00fade (OMS, em Genebra, Su\u00ed\u00e7a, o\u00a0 presidente da Comiss\u00e3o Global Independente para a Certifica\u00e7\u00e3o da Erradica\u00e7\u00e3o da Poliomielite, professor David Salisbury, informou na quinta-feira, 24, que a\u00a0 poliomielite selvagem\u00a0 tipo 3 foi erradicada do mundo. O an\u00fancio foi considerado pela OMS um &#8220;marco para a sa\u00fade global&#8221;.<\/p>\n<p>No Dia Mundial de Combate \u00e0 P\u00f3lio, que \u00e9 celebrado na \u00faltima semana,\u00a0a OMS convocou as autoridades de sa\u00fade de todo o mundo a direcionar, a partir de agora, os esfor\u00e7os para erradicar o \u00faltipo tipo de poliomielite ainda em circula\u00e7\u00e3o, que \u00e9 a poliomielite tipo 1. Em 2015, a comiss\u00e3o independente emitiu certificado declarando erradicada a poliomielite tipo 2.<\/p>\n<p>&#8220;Essa not\u00edcia \u00e9 um marco para a humanidade&#8221;, afirmou o presidente da Sociedade Brasileira de Imuniza\u00e7\u00f5es (SBim), Juarez Cunha, ao falar sobre a erradica\u00e7\u00e3o da poliomielite tipo 3.\u00a0 Ele alertou, por\u00e9m, que dois pa\u00edses \u2013- Afeganist\u00e3o e Paquist\u00e3o \u2013 ainda registram casos de p\u00f3lio do tipo 1. &#8220;Devido \u00e0 persist\u00eancia desses casos em tais pa\u00edses, n\u00f3s, aqui no Brasil, e tamb\u00e9m em outros pa\u00edses, n\u00e3o devemos baixar a guarda. Devemos, isso, sim, insistir na cobertura global vacinal&#8221;, afirmou Cunha.<\/p>\n<p><strong>Caracter\u00edsticas<\/strong><\/p>\n<p>A poliomielite, ou paralisia infantil, \u00e9 uma doen\u00e7a infectocontagiosa aguda, causada por um v\u00edrus, que pode se manifestar por febre, mal-estar, cefaleia, dist\u00farbios gastrointestinais e rigidez de nuca.<\/p>\n<p>Desde 1990 n\u00e3o h\u00e1 registro de casos de poliomielite no Brasil, fato que levou o pa\u00eds a obter da Organiza\u00e7\u00e3o Pan-Americana da Sa\u00fade (Opas) o certificado de erradica\u00e7\u00e3o do poliov\u00edrus selvagem aut\u00f3ctone do seu territ\u00f3rio em 1994, juntamente com os demais pa\u00edses das Am\u00e9ricas.<\/p>\n<p>A poliomielite selvagem tem esse nome por circular no meio ambiente. Embora raros, h\u00e1 casos de poliomielite n\u00e3o selvagens causados por vacina. N\u00e3o existem, por\u00e9m, casos de p\u00f3lio causados por vacina no Brasil.<\/p>\n<p>A Comiss\u00e3o Global Independente para Certifica\u00e7\u00e3o da Erradica\u00e7\u00e3o da Poliomielite \u00e9 formada pela Organiza\u00e7\u00e3o Mundial da Sa\u00fade (OMS), Organiza\u00e7\u00e3o das Na\u00e7\u00f5es Unidas para a Educa\u00e7\u00e3o, pelo Fundo das Na\u00e7\u00f5es Unidas para a Inf\u00e2ncia (Unicef),\u00a0Centro para o\u00a0 Controle e Preven\u00e7\u00e3o de Doen\u00e7as (CDC) dos Estados Unidos,\u00a0Rotary Internacional e\u00a0Funda\u00e7\u00e3o Bill &amp; Melinda Gates.<\/p>\n<p>&nbsp;<\/p>\n<p>Fonte: Ag\u00eancia Brasil<\/p>\n","protected":false},"excerpt":{"rendered":"<p>Em um evento na sede da Organiza\u00e7\u00e3o Mundial da Sa\u00fade (OMS, em Genebra, Su\u00ed\u00e7a, o\u00a0 presidente da Comiss\u00e3o Global Independente para a Certifica\u00e7\u00e3o da Erradica\u00e7\u00e3o da Poliomielite, professor David Salisbury, informou na quinta-feira, 24, que a\u00a0 poliomielite selvagem\u00a0 tipo 3 foi erradicada do mundo. O an\u00fancio foi considerado pela OMS um &#8220;marco para a sa\u00fade [&hellip;]<\/p>\n","protected":false},"author":96,"featured_media":150050,"comment_status":"closed","ping_status":"closed","sticky":false,"template":"","format":"standard","meta":{"footnotes":""},"categories":[302,436,440,439],"tags":[],"class_list":["post-150040","post","type-post","status-publish","format-standard","has-post-thumbnail","hentry","category-brasil-mundo","category-destaque-da-semana","category-destaques-do-dia","category-ultima-hora"],"_links":{"self":[{"href":"https:\/\/diarioregionaldigital.com.br\/index.php?rest_route=\/wp\/v2\/posts\/150040","targetHints":{"allow":["GET"]}}],"collection":[{"href":"https:\/\/diarioregionaldigital.com.br\/index.php?rest_route=\/wp\/v2\/posts"}],"about":[{"href":"https:\/\/diarioregionaldigital.com.br\/index.php?rest_route=\/wp\/v2\/types\/post"}],"author":[{"embeddable":true,"href":"https:\/\/diarioregionaldigital.com.br\/index.php?rest_route=\/wp\/v2\/users\/96"}],"replies":[{"embeddable":true,"href":"https:\/\/diarioregionaldigital.com.br\/index.php?rest_route=%2Fwp%2Fv2%2Fcomments&post=150040"}],"version-history":[{"count":0,"href":"https:\/\/diarioregionaldigital.com.br\/index.php?rest_route=\/wp\/v2\/posts\/150040\/revisions"}],"wp:featuredmedia":[{"embeddable":true,"href":"https:\/\/diarioregionaldigital.com.br\/index.php?rest_route=\/wp\/v2\/media\/150050"}],"wp:attachment":[{"href":"https:\/\/diarioregionaldigital.com.br\/index.php?rest_route=%2Fwp%2Fv2%2Fmedia&parent=150040"}],"wp:term":[{"taxonomy":"category","embeddable":true,"href":"https:\/\/diarioregionaldigital.com.br\/index.php?rest_route=%2Fwp%2Fv2%2Fcategories&post=150040"},{"taxonomy":"post_tag","embeddable":true,"href":"https:\/\/diarioregionaldigital.com.br\/index.php?rest_route=%2Fwp%2Fv2%2Ftags&post=150040"}],"curies":[{"name":"wp","href":"https:\/\/api.w.org\/{rel}","templated":true}]}}