{"id":150017,"date":"2019-10-27T06:00:32","date_gmt":"2019-10-27T08:00:32","guid":{"rendered":"https:\/\/diarioregionaldigital.com.br\/?p=150017"},"modified":"2019-10-24T18:21:11","modified_gmt":"2019-10-24T20:21:11","slug":"guerreiro-da-educacao","status":"publish","type":"post","link":"https:\/\/diarioregionaldigital.com.br\/?p=150017","title":{"rendered":"GUERREIRO DA EDUCA\u00c7\u00c3O"},"content":{"rendered":"<p>Foi uma homenagem merecida. O Centro de Integra\u00e7\u00e3o Empresa-Escola de S\u00e3o Paulo em parceria com o jornal \u201cO Estado de S\u00e3o Paulo\u201d entregou ao educador Paulo Nathanael Pereira de Souza o t\u00edtulo de \u201cGuerreiro da Educa\u00e7\u00e3o de 2009\u201d, numa cerim\u00f4nia muito concorrida, que homenageia tamb\u00e9m o jornalista Ruy Mesquita, recentemente falecido.<\/p>\n<p>O laureado, que recebeu tamb\u00e9m o t\u00edtulo de professor em\u00e9rito, sempre lidou com educa\u00e7\u00e3o. Deu sua primeira aula aos 17 anos de idade, na cidade de S\u00e3o Carlos, por inspira\u00e7\u00e3o do professor Julian Fauvel. Foi professor de escola normal e professor efetivo de Hist\u00f3ria no ensino secund\u00e1rio oficial de S\u00e3o Paulo, al\u00e9m de diretor de col\u00e9gio estadual.<\/p>\n<p>O professor Paulo Nathanael hoje pertence a v\u00e1rias academias, al\u00e9m de ter sido presidente do CIEE por dois mandatos sucessivos. Foi membro do Conselho Federal de Educa\u00e7\u00e3o. Sobre educa\u00e7\u00e3o, afirma que ela envelhece a olhos vistos: \u201cN\u00e3o podemos defender a educa\u00e7\u00e3o burocr\u00e1tica, organizada pela vis\u00e3o conservadora e controladora de educadores e administradores de plant\u00e3o. N\u00e3o podemos defender um ensino \u201cdiarioficializado\u201d, mas sim uma educa\u00e7\u00e3o voltada para os novos saberes, para as novas tecnologias. Cada escola, daqui para o futuro, deve transitar do \u201cmagister dixit\u201d para ambientes de discuss\u00e3o e pesquisa, em que a internet e as bibliotecas se associar\u00e3o aos mestres na constru\u00e7\u00e3o do saber.\u201d<\/p>\n<p>Na sua opini\u00e3o, o povo brasileiro continua deseducado. Carecemos de pertin\u00eancias. Para criar cerca de 7 milh\u00f5es de vagas nas creches h\u00e1 muito o que investir. Por outro lado, metade dos que se formam no ensino fundamental n\u00e3o se matricula no ensino m\u00e9dio, pedindo uma reforma que n\u00e3o sai das gavetas do MEC.<\/p>\n<p>\u00c9 natural, pois, que o ensino superior seja herdeiro de todas essas car\u00eancias. Houve uma explos\u00e3o expansionista a partir de 1968, mas sem encontrar uma solu\u00e7\u00e3o razo\u00e1vel. Estamos em busca disso.<\/p>\n<p>Em mat\u00e9ria de alfabetiza\u00e7\u00e3o o panorama n\u00e3o \u00e9 nem um pouco risonho. Temos milh\u00f5es de analfabetos funcionais, a obter diplomas sem saber ler, escrever e contar com boa aceitabilidade. Estamos longe de resolver as mazelas da educa\u00e7\u00e3o.<\/p>\n<p>O prof. Paulo Nathanael aproveitou o ensejo para falar da sua experi\u00eancia no CIEE, \u201ca maior ONG a funcionar na Am\u00e9rica Latina\u201d. Desempenha com muita compet\u00eancia como ponte entre os sistemas de ensino e o mercado de trabalho. \u00c9 um gigante que todos hoje admiram e aplaudem\u201d. Foi com essas palavras que o homenageado terminou o seu discurso, recebendo palmas demoradas da plateia.<\/p>\n<p>&nbsp;<\/p>\n<p><strong>\u00a0<\/strong><\/p>\n","protected":false},"excerpt":{"rendered":"<p>Foi uma homenagem merecida. O Centro de Integra\u00e7\u00e3o Empresa-Escola de S\u00e3o Paulo em parceria com o jornal \u201cO Estado de S\u00e3o Paulo\u201d entregou ao educador Paulo Nathanael Pereira de Souza o t\u00edtulo de \u201cGuerreiro da Educa\u00e7\u00e3o de 2009\u201d, numa cerim\u00f4nia muito concorrida, que homenageia tamb\u00e9m o jornalista Ruy Mesquita, recentemente falecido. O laureado, que recebeu [&hellip;]<\/p>\n","protected":false},"author":96,"featured_media":96753,"comment_status":"closed","ping_status":"closed","sticky":false,"template":"","format":"standard","meta":{"footnotes":""},"categories":[275,435,439],"tags":[],"class_list":["post-150017","post","type-post","status-publish","format-standard","has-post-thumbnail","hentry","category-arnaldo-niskier","category-colunas","category-ultima-hora"],"_links":{"self":[{"href":"https:\/\/diarioregionaldigital.com.br\/index.php?rest_route=\/wp\/v2\/posts\/150017","targetHints":{"allow":["GET"]}}],"collection":[{"href":"https:\/\/diarioregionaldigital.com.br\/index.php?rest_route=\/wp\/v2\/posts"}],"about":[{"href":"https:\/\/diarioregionaldigital.com.br\/index.php?rest_route=\/wp\/v2\/types\/post"}],"author":[{"embeddable":true,"href":"https:\/\/diarioregionaldigital.com.br\/index.php?rest_route=\/wp\/v2\/users\/96"}],"replies":[{"embeddable":true,"href":"https:\/\/diarioregionaldigital.com.br\/index.php?rest_route=%2Fwp%2Fv2%2Fcomments&post=150017"}],"version-history":[{"count":0,"href":"https:\/\/diarioregionaldigital.com.br\/index.php?rest_route=\/wp\/v2\/posts\/150017\/revisions"}],"wp:featuredmedia":[{"embeddable":true,"href":"https:\/\/diarioregionaldigital.com.br\/index.php?rest_route=\/wp\/v2\/media\/96753"}],"wp:attachment":[{"href":"https:\/\/diarioregionaldigital.com.br\/index.php?rest_route=%2Fwp%2Fv2%2Fmedia&parent=150017"}],"wp:term":[{"taxonomy":"category","embeddable":true,"href":"https:\/\/diarioregionaldigital.com.br\/index.php?rest_route=%2Fwp%2Fv2%2Fcategories&post=150017"},{"taxonomy":"post_tag","embeddable":true,"href":"https:\/\/diarioregionaldigital.com.br\/index.php?rest_route=%2Fwp%2Fv2%2Ftags&post=150017"}],"curies":[{"name":"wp","href":"https:\/\/api.w.org\/{rel}","templated":true}]}}