{"id":149967,"date":"2019-10-27T06:00:27","date_gmt":"2019-10-27T08:00:27","guid":{"rendered":"https:\/\/diarioregionaldigital.com.br\/?p=149967"},"modified":"2019-10-24T15:07:45","modified_gmt":"2019-10-24T17:07:45","slug":"comissao-de-mudancas-climaticas-debate-uso-de-biocombustiveis","status":"publish","type":"post","link":"https:\/\/diarioregionaldigital.com.br\/?p=149967","title":{"rendered":"Comiss\u00e3o de Mudan\u00e7as Clim\u00e1ticas debate uso de biocombust\u00edveis"},"content":{"rendered":"<p>Os biocombust\u00edveis e a matriz el\u00e9trica nacional ser\u00e3o debatidos em audi\u00eancia p\u00fablica da Comiss\u00e3o Mista Permanente sobre Mudan\u00e7as Clim\u00e1ticas (CMMC), na quarta-feira (30), \u00e0s 14h30.<\/p>\n<p>O tema da reuni\u00e3o \u00e9 \u201cDesafios e perspectivas de implementa\u00e7\u00e3o das indica\u00e7\u00f5es da NDC sobre energia: biocombust\u00edveis e matriz de energia el\u00e9trica\u201d. NDC \u00e9 a sigla em ingl\u00eas para Contribui\u00e7\u00e3o Nacionalmente Determinada. Trata-se de uma conven\u00e7\u00e3o, firmada no \u00e2mbito do Acordo de Paris, que rege as metas e as medidas que devem ser adotadas por cada pa\u00eds para a redu\u00e7\u00e3o da emiss\u00e3o de di\u00f3xido de carbono (g\u00e1s carb\u00f4nico) a partir de 2020.<\/p>\n<p>A reuni\u00e3o interativa da CMMC est\u00e1 marcada para acontecer na sala 7 da Ala Senador Alexandre Costa. Entre os convidados, est\u00e3o representantes do Minist\u00e9rio de Minas e Energia, da Associa\u00e7\u00e3o Brasileira das Empresas de Energia E\u00f3lica e do Instituto Clima e Sociedade.<\/p>\n<p>Fonte: Ag\u00eancia Senado<\/p>\n","protected":false},"excerpt":{"rendered":"<p>Os biocombust\u00edveis e a matriz el\u00e9trica nacional ser\u00e3o debatidos em audi\u00eancia p\u00fablica da Comiss\u00e3o Mista Permanente sobre Mudan\u00e7as Clim\u00e1ticas (CMMC), na quarta-feira (30), \u00e0s 14h30. O tema da reuni\u00e3o \u00e9 \u201cDesafios e perspectivas de implementa\u00e7\u00e3o das indica\u00e7\u00f5es da NDC sobre energia: biocombust\u00edveis e matriz de energia el\u00e9trica\u201d. NDC \u00e9 a sigla em ingl\u00eas para Contribui\u00e7\u00e3o [&hellip;]<\/p>\n","protected":false},"author":96,"featured_media":149966,"comment_status":"closed","ping_status":"closed","sticky":false,"template":"","format":"standard","meta":{"footnotes":""},"categories":[436,254,439],"tags":[],"class_list":["post-149967","post","type-post","status-publish","format-standard","has-post-thumbnail","hentry","category-destaque-da-semana","category-politica","category-ultima-hora"],"_links":{"self":[{"href":"https:\/\/diarioregionaldigital.com.br\/index.php?rest_route=\/wp\/v2\/posts\/149967","targetHints":{"allow":["GET"]}}],"collection":[{"href":"https:\/\/diarioregionaldigital.com.br\/index.php?rest_route=\/wp\/v2\/posts"}],"about":[{"href":"https:\/\/diarioregionaldigital.com.br\/index.php?rest_route=\/wp\/v2\/types\/post"}],"author":[{"embeddable":true,"href":"https:\/\/diarioregionaldigital.com.br\/index.php?rest_route=\/wp\/v2\/users\/96"}],"replies":[{"embeddable":true,"href":"https:\/\/diarioregionaldigital.com.br\/index.php?rest_route=%2Fwp%2Fv2%2Fcomments&post=149967"}],"version-history":[{"count":0,"href":"https:\/\/diarioregionaldigital.com.br\/index.php?rest_route=\/wp\/v2\/posts\/149967\/revisions"}],"wp:featuredmedia":[{"embeddable":true,"href":"https:\/\/diarioregionaldigital.com.br\/index.php?rest_route=\/wp\/v2\/media\/149966"}],"wp:attachment":[{"href":"https:\/\/diarioregionaldigital.com.br\/index.php?rest_route=%2Fwp%2Fv2%2Fmedia&parent=149967"}],"wp:term":[{"taxonomy":"category","embeddable":true,"href":"https:\/\/diarioregionaldigital.com.br\/index.php?rest_route=%2Fwp%2Fv2%2Fcategories&post=149967"},{"taxonomy":"post_tag","embeddable":true,"href":"https:\/\/diarioregionaldigital.com.br\/index.php?rest_route=%2Fwp%2Fv2%2Ftags&post=149967"}],"curies":[{"name":"wp","href":"https:\/\/api.w.org\/{rel}","templated":true}]}}