{"id":149962,"date":"2019-10-27T06:00:54","date_gmt":"2019-10-27T08:00:54","guid":{"rendered":"https:\/\/diarioregionaldigital.com.br\/?p=149962"},"modified":"2019-10-24T15:04:43","modified_gmt":"2019-10-24T17:04:43","slug":"comitiva-da-ocde-debate-na-cre-retrocesso-no-combate-a-corrupcao","status":"publish","type":"post","link":"https:\/\/diarioregionaldigital.com.br\/?p=149962","title":{"rendered":"Comitiva da OCDE debate na CRE retrocesso no combate \u00e0 corrup\u00e7\u00e3o"},"content":{"rendered":"<p>Uma comitiva de alto n\u00edvel da Organiza\u00e7\u00e3o para a Coopera\u00e7\u00e3o e Desenvolvimento Econ\u00f4mico (OCDE) visita o Brasil em novembro para analisar os esfor\u00e7os do pa\u00eds no combate \u00e0 corrup\u00e7\u00e3o. Aproveitando a ocasi\u00e3o, a Comiss\u00e3o de Rela\u00e7\u00f5es Exteriores (CRE) aprovou um requerimento do senador Marcos do Val (Podemos-ES) para que o colegiado receba os representantes da OCDE em audi\u00eancia p\u00fablica. O senador lembrou que o Brasil pleiteia tornar-se membro pleno do organismo e \u00e9 signat\u00e1rio de uma conven\u00e7\u00e3o da OCDE para o combate \u00e0 corrup\u00e7\u00e3o.<\/p>\n<p>\u2014 Mat\u00e9rias veiculadas na imprensa explicitam que a Comiss\u00e3o Anti-suborno da OCDE est\u00e1 preocupada com a capacidade do Brasil de investigar corrup\u00e7\u00e3o envolvendo funcion\u00e1rios p\u00fablicos estrangeiros. Est\u00e3o apreensivos com a decis\u00e3o do atual presidente do STF (ministro Dias Toffoli) de proibir o compartilhamento de informa\u00e7\u00f5es da Unidade de Intelig\u00eancia Financeira (UIF) com \u00f3rg\u00e3os de investiga\u00e7\u00e3o, sem pr\u00e9via autoriza\u00e7\u00e3o judicial. Tamb\u00e9m veem ressalvas na Lei do Abuso de Autoridade (<a href=\"http:\/\/www.planalto.gov.br\/ccivil_03\/_ato2019-2022\/2019\/lei\/L13869.htm\">Lei 13.869, de 2019<\/a>). A comiss\u00e3o da OCDE sugere que a capacidade de investiga\u00e7\u00e3o nos casos referidos est\u00e1 seriamente amea\u00e7ada. O atual governo elegeu-se prometendo combater a corrup\u00e7\u00e3o. Retrocesso nesta \u00e1rea ser\u00e1 comprometedor tanto interna quanto externamente.<\/p>\n<p>A CRE tamb\u00e9m convida para o debate o procurador-geral da Rep\u00fablica, Augusto Aras; o ministro da Advocacia-Geral da Uni\u00e3o (AGU), Andre Luiz Mendon\u00e7a; e o ministro da Controladoria-Geral da Uni\u00e3o (CGU), Wagner Ros\u00e1rio. A data ser\u00e1 definida pelo presidente da CRE, senador Nelsinho Trad (PSD-MS).<\/p>\n<p>Os senadores tamb\u00e9m aprovaram a realiza\u00e7\u00e3o de outra audi\u00eancia p\u00fablica com o diretor-geral da Ag\u00eancia Brasileira de Intelig\u00eancia (Abin), Alexandre Ramagem. Ainda sem data definida, o debate deve abordar as diretrizes dos trabalhos desenvolvidos pelo \u00f3rg\u00e3o.<\/p>\n<p>&nbsp;<\/p>\n<p>Fonte: Ag\u00eancia Senado<\/p>\n","protected":false},"excerpt":{"rendered":"<p>Uma comitiva de alto n\u00edvel da Organiza\u00e7\u00e3o para a Coopera\u00e7\u00e3o e Desenvolvimento Econ\u00f4mico (OCDE) visita o Brasil em novembro para analisar os esfor\u00e7os do pa\u00eds no combate \u00e0 corrup\u00e7\u00e3o. Aproveitando a ocasi\u00e3o, a Comiss\u00e3o de Rela\u00e7\u00f5es Exteriores (CRE) aprovou um requerimento do senador Marcos do Val (Podemos-ES) para que o colegiado receba os representantes da [&hellip;]<\/p>\n","protected":false},"author":96,"featured_media":149963,"comment_status":"closed","ping_status":"closed","sticky":false,"template":"","format":"standard","meta":{"footnotes":""},"categories":[436,254,439],"tags":[],"class_list":["post-149962","post","type-post","status-publish","format-standard","has-post-thumbnail","hentry","category-destaque-da-semana","category-politica","category-ultima-hora"],"_links":{"self":[{"href":"https:\/\/diarioregionaldigital.com.br\/index.php?rest_route=\/wp\/v2\/posts\/149962","targetHints":{"allow":["GET"]}}],"collection":[{"href":"https:\/\/diarioregionaldigital.com.br\/index.php?rest_route=\/wp\/v2\/posts"}],"about":[{"href":"https:\/\/diarioregionaldigital.com.br\/index.php?rest_route=\/wp\/v2\/types\/post"}],"author":[{"embeddable":true,"href":"https:\/\/diarioregionaldigital.com.br\/index.php?rest_route=\/wp\/v2\/users\/96"}],"replies":[{"embeddable":true,"href":"https:\/\/diarioregionaldigital.com.br\/index.php?rest_route=%2Fwp%2Fv2%2Fcomments&post=149962"}],"version-history":[{"count":0,"href":"https:\/\/diarioregionaldigital.com.br\/index.php?rest_route=\/wp\/v2\/posts\/149962\/revisions"}],"wp:featuredmedia":[{"embeddable":true,"href":"https:\/\/diarioregionaldigital.com.br\/index.php?rest_route=\/wp\/v2\/media\/149963"}],"wp:attachment":[{"href":"https:\/\/diarioregionaldigital.com.br\/index.php?rest_route=%2Fwp%2Fv2%2Fmedia&parent=149962"}],"wp:term":[{"taxonomy":"category","embeddable":true,"href":"https:\/\/diarioregionaldigital.com.br\/index.php?rest_route=%2Fwp%2Fv2%2Fcategories&post=149962"},{"taxonomy":"post_tag","embeddable":true,"href":"https:\/\/diarioregionaldigital.com.br\/index.php?rest_route=%2Fwp%2Fv2%2Ftags&post=149962"}],"curies":[{"name":"wp","href":"https:\/\/api.w.org\/{rel}","templated":true}]}}