{"id":149956,"date":"2019-10-27T06:00:13","date_gmt":"2019-10-27T08:00:13","guid":{"rendered":"https:\/\/diarioregionaldigital.com.br\/?p=149956"},"modified":"2019-10-24T14:49:50","modified_gmt":"2019-10-24T16:49:50","slug":"indice-de-confianca-do-consumidor-cai-apos-duas-altas-seguidas","status":"publish","type":"post","link":"https:\/\/diarioregionaldigital.com.br\/?p=149956","title":{"rendered":"\u00cdndice de Confian\u00e7a do Consumidor cai ap\u00f3s duas altas seguidas"},"content":{"rendered":"<p>O \u00edndice de Confian\u00e7a do Consumidor (ICC) ficou em 89,4 pontos. Medido pela Funda\u00e7\u00e3o Get\u00falio Vargas, ele (FGV) recuou 0,3 ponto, ap\u00f3s duas altas consecutivas nos \u00faltimos meses.<\/p>\n<p>Segundo a FGV, a situa\u00e7\u00e3o econ\u00f4mica futura foi o quesito que mais puxou o ICC para baixo. O \u00edndice de confian\u00e7a ficou em 114,3 pontos, caindo 1,5 ponto. J\u00e1 o indicador que mede a satisfa\u00e7\u00e3o do consumidor com o momento atual subiu 0,8 ponto, chegando a 83,1 pontos.<\/p>\n<p>Outubro registrou ainda uma queda de confian\u00e7a nas classes econ\u00f4micas com menor poder aquisitivo.<\/p>\n<p>A maior contribui\u00e7\u00e3o para a queda ficou com as fam\u00edlias que ganham at\u00e9 R$ 2,1 mil mensais. Por sua vez, o ICC das fam\u00edlias com rendimentos acima de R$ 9,6 mil subiu 1,6 ponto, estabelecendo 94,4 pontos.<\/p>\n<p>Fonte: Ag\u00eancia Brasil<\/p>\n","protected":false},"excerpt":{"rendered":"<p>O \u00edndice de Confian\u00e7a do Consumidor (ICC) ficou em 89,4 pontos. Medido pela Funda\u00e7\u00e3o Get\u00falio Vargas, ele (FGV) recuou 0,3 ponto, ap\u00f3s duas altas consecutivas nos \u00faltimos meses. Segundo a FGV, a situa\u00e7\u00e3o econ\u00f4mica futura foi o quesito que mais puxou o ICC para baixo. O \u00edndice de confian\u00e7a ficou em 114,3 pontos, caindo 1,5 [&hellip;]<\/p>\n","protected":false},"author":96,"featured_media":149958,"comment_status":"closed","ping_status":"closed","sticky":false,"template":"","format":"standard","meta":{"footnotes":""},"categories":[436,261,439],"tags":[],"class_list":["post-149956","post","type-post","status-publish","format-standard","has-post-thumbnail","hentry","category-destaque-da-semana","category-economia","category-ultima-hora"],"_links":{"self":[{"href":"https:\/\/diarioregionaldigital.com.br\/index.php?rest_route=\/wp\/v2\/posts\/149956","targetHints":{"allow":["GET"]}}],"collection":[{"href":"https:\/\/diarioregionaldigital.com.br\/index.php?rest_route=\/wp\/v2\/posts"}],"about":[{"href":"https:\/\/diarioregionaldigital.com.br\/index.php?rest_route=\/wp\/v2\/types\/post"}],"author":[{"embeddable":true,"href":"https:\/\/diarioregionaldigital.com.br\/index.php?rest_route=\/wp\/v2\/users\/96"}],"replies":[{"embeddable":true,"href":"https:\/\/diarioregionaldigital.com.br\/index.php?rest_route=%2Fwp%2Fv2%2Fcomments&post=149956"}],"version-history":[{"count":0,"href":"https:\/\/diarioregionaldigital.com.br\/index.php?rest_route=\/wp\/v2\/posts\/149956\/revisions"}],"wp:featuredmedia":[{"embeddable":true,"href":"https:\/\/diarioregionaldigital.com.br\/index.php?rest_route=\/wp\/v2\/media\/149958"}],"wp:attachment":[{"href":"https:\/\/diarioregionaldigital.com.br\/index.php?rest_route=%2Fwp%2Fv2%2Fmedia&parent=149956"}],"wp:term":[{"taxonomy":"category","embeddable":true,"href":"https:\/\/diarioregionaldigital.com.br\/index.php?rest_route=%2Fwp%2Fv2%2Fcategories&post=149956"},{"taxonomy":"post_tag","embeddable":true,"href":"https:\/\/diarioregionaldigital.com.br\/index.php?rest_route=%2Fwp%2Fv2%2Ftags&post=149956"}],"curies":[{"name":"wp","href":"https:\/\/api.w.org\/{rel}","templated":true}]}}