{"id":149817,"date":"2019-10-22T15:30:11","date_gmt":"2019-10-22T17:30:11","guid":{"rendered":"https:\/\/diarioregionaldigital.com.br\/?p=149817"},"modified":"2019-10-22T15:53:31","modified_gmt":"2019-10-22T17:53:31","slug":"eduardo-bolsonaro-e-o-novo-lider-do-psl-na-camara","status":"publish","type":"post","link":"https:\/\/diarioregionaldigital.com.br\/?p=149817","title":{"rendered":"Eduardo Bolsonaro \u00e9 o novo l\u00edder do PSL na C\u00e2mara"},"content":{"rendered":"<p>Ap\u00f3s nova mudan\u00e7a, a lideran\u00e7a da bancada do PSL na C\u00e2mara dos Deputados passa a ser ocupada pelo deputado Eduardo Bolsonaro (SP). A informa\u00e7\u00e3o foi confirmada pela Secretaria-Geral da Mesa (SGM) ap\u00f3s verifica\u00e7\u00e3o de nova lista com apoio de 28 deputados.<\/p>\n<p>Mesmo com a confirma\u00e7\u00e3o da lideran\u00e7a, o cen\u00e1rio ainda pode mudar, j\u00e1 que outras duas listas s\u00e3o analisadas neste momento \u2013 uma delas apoia o retorno do l\u00edder anterior, deputado Delegado Waldir (GO) e a outra tenta garantir a indica\u00e7\u00e3o de Eduardo Bolsonaro no cargo. Para garantir a indica\u00e7\u00e3o de l\u00edder, a lista precisa assegurar apoio de 27 dos 53 deputados do partido.<\/p>\n<p>Em v\u00eddeo divulgado pelas redes sociais, Delegado Waldir reconhece Eduardo Bolsonaro como l\u00edder e afirma que aceita &#8220;democraticamente a nova lista&#8221;. &#8220;Vou continuar defendendo todas as prerrogativas do Parlamento. N\u00f3s n\u00e3o rasgamos a Constitui\u00e7\u00e3o e a Constitui\u00e7\u00e3o prev\u00ea que o Executivo n\u00e3o deve interferir no Parlamento&#8221;, disse o deputado. Entretanto, ainda h\u00e1 um movimento dentro do partido que trabalha pela manuten\u00e7\u00e3o do congressista no cargo.<\/p>\n<p>Eduardo Bolsonaro n\u00e3o se manifestou sobre o assunto.<\/p>\n<p>At\u00e9 o momento, seis listas j\u00e1 foram apresentadas na tentativa de manter o cargo com Delegado Waldir ou repass\u00e1-la para Eduardo Bolsonaro.<\/p>\n<h2>Impasse<\/h2>\n<p>A crise na lideran\u00e7a do PSL na C\u00e2mara teve in\u00edcio na noite de quarta-feira (16), quando o deputado Eduardo Bolsonaro apresentou duas listas para assumir o cargo de l\u00edder: a primeira \u00e0s 21h50 e a segunda \u00e0s 22h27. Ambas continham 27 assinaturas, das quais 26 foram confirmadas na primeira lista, e 24, na segunda. J\u00e1 a lista de assinaturas apresentada ontem por Delegado Waldir foi apresentada \u00e0s 22h18, com 31 assinaturas \u2013 das quais 29 foram confirmadas.<\/p>\n<p>A defini\u00e7\u00e3o da lideran\u00e7a foi assegurada ap\u00f3s valida\u00e7\u00e3o do presidente da C\u00e2mara dos Deputados, Rodrigo Maia (DEM-RJ), na manh\u00e3 de quinta-feira (17). Na ocasi\u00e3o, o parlamentar afirmou que a decis\u00e3o sobre o l\u00edder do PSL caberia \u00e0 Secretaria-Geral da Mesa da Casa.<\/p>\n<p>Na lista referendada pela Secretaria Geral da Mesa, h\u00e1 tr\u00eas deputados que haviam assinado um documento que apoiava Delegado Waldir: Coronel Chris\u00f3stomo (RO), Daniel Silveira (RJ) e L\u00e9o Motta (MG).<\/p>\n<h2>Lideran\u00e7a<\/h2>\n<p>Pelo Regimento Interno da C\u00e2mara dos Deputados, para ocupar o cargo de l\u00edder \u00e9 preciso receber o apoio formal de metade dos parlamentares da bancada mais um. Cada partido tem autonomia para fazer a troca de l\u00edder quantas vezes quiser. Geralmente, h\u00e1 um rod\u00edzio no cargo, e os parlamentares costumam ser mantidos por, pelo menos, um ano. Os l\u00edderes podem ser definidos por elei\u00e7\u00e3o interna da bancada ou por aclama\u00e7\u00e3o. Somente os partidos com pelo menos cinco integrantes t\u00eam direito \u00e0 lideran\u00e7a.<\/p>\n<h2><span style=\"font-size: 41px;\">Eduardo Bolsonaro destitui vice-l\u00edderes do PSL na C\u00e2mara<\/span><\/h2>\n<p>O\u00a0novo l\u00edder da bancada do PSL\u00a0na C\u00e2mara, o deputado federal Eduardo Bolsonaro (SP) destituiu nesta segunda-feira (21) todos os 12 vice-l\u00edderes da legenda. A medida tomada pelo deputado acontece em meio a impasse gerado disputa do cargo de l\u00edder da legenda na C\u00e2mara.<\/p>\n<p>Com a decis\u00e3o, perderam o posto de vice-l\u00edder os seguintes deputados: Fel\u00edcio Later\u00e7a (PSL-RJ); Nicoletti (PSL-RR); Daniel Silveira (PSL-RJ); Heitor Freire (PSL-CE); Julian Lemos (PSL-PB); J\u00fanior Bozzella (PSL-SP); Coronel Tadeu (PSL-SP); Nelson Barbudo (PSL-MT); Charlles Evangelista (PSL-MG); Professora Dayane Pimentel (PSL-BA); Nereu Crispim (PSL-RS); Joice Hasselmann (PSL-SP). Na\u00a0<a href=\"https:\/\/www2.camara.leg.br\/deputados\/liderancas-e-bancadas\/liderancas\/lideres-e-vice-lideres-dos-partidos\" target=\"_blank\" rel=\"noopener\">p\u00e1gina da C\u00e2mara dos Deputados<\/a>, o partido j\u00e1 aparece sem nenhum parlamentar como vice-l\u00edder.<\/p>\n<p>Fonte: Ag\u00eancia Brasil<\/p>\n","protected":false},"excerpt":{"rendered":"<p>Ap\u00f3s nova mudan\u00e7a, a lideran\u00e7a da bancada do PSL na C\u00e2mara dos Deputados passa a ser ocupada pelo deputado Eduardo Bolsonaro (SP). A informa\u00e7\u00e3o foi confirmada pela Secretaria-Geral da Mesa (SGM) ap\u00f3s verifica\u00e7\u00e3o de nova lista com apoio de 28 deputados. Mesmo com a confirma\u00e7\u00e3o da lideran\u00e7a, o cen\u00e1rio ainda pode mudar, j\u00e1 que outras [&hellip;]<\/p>\n","protected":false},"author":96,"featured_media":149818,"comment_status":"closed","ping_status":"closed","sticky":false,"template":"","format":"standard","meta":{"footnotes":""},"categories":[436,254,439],"tags":[],"class_list":["post-149817","post","type-post","status-publish","format-standard","has-post-thumbnail","hentry","category-destaque-da-semana","category-politica","category-ultima-hora"],"_links":{"self":[{"href":"https:\/\/diarioregionaldigital.com.br\/index.php?rest_route=\/wp\/v2\/posts\/149817","targetHints":{"allow":["GET"]}}],"collection":[{"href":"https:\/\/diarioregionaldigital.com.br\/index.php?rest_route=\/wp\/v2\/posts"}],"about":[{"href":"https:\/\/diarioregionaldigital.com.br\/index.php?rest_route=\/wp\/v2\/types\/post"}],"author":[{"embeddable":true,"href":"https:\/\/diarioregionaldigital.com.br\/index.php?rest_route=\/wp\/v2\/users\/96"}],"replies":[{"embeddable":true,"href":"https:\/\/diarioregionaldigital.com.br\/index.php?rest_route=%2Fwp%2Fv2%2Fcomments&post=149817"}],"version-history":[{"count":0,"href":"https:\/\/diarioregionaldigital.com.br\/index.php?rest_route=\/wp\/v2\/posts\/149817\/revisions"}],"wp:featuredmedia":[{"embeddable":true,"href":"https:\/\/diarioregionaldigital.com.br\/index.php?rest_route=\/wp\/v2\/media\/149818"}],"wp:attachment":[{"href":"https:\/\/diarioregionaldigital.com.br\/index.php?rest_route=%2Fwp%2Fv2%2Fmedia&parent=149817"}],"wp:term":[{"taxonomy":"category","embeddable":true,"href":"https:\/\/diarioregionaldigital.com.br\/index.php?rest_route=%2Fwp%2Fv2%2Fcategories&post=149817"},{"taxonomy":"post_tag","embeddable":true,"href":"https:\/\/diarioregionaldigital.com.br\/index.php?rest_route=%2Fwp%2Fv2%2Ftags&post=149817"}],"curies":[{"name":"wp","href":"https:\/\/api.w.org\/{rel}","templated":true}]}}