{"id":149806,"date":"2019-10-22T06:00:52","date_gmt":"2019-10-22T08:00:52","guid":{"rendered":"https:\/\/diarioregionaldigital.com.br\/?p=149806"},"modified":"2019-10-21T19:36:21","modified_gmt":"2019-10-21T21:36:21","slug":"prefeitura-municipal-de-tocantins-processo-no085-22-10-19","status":"publish","type":"post","link":"https:\/\/diarioregionaldigital.com.br\/?p=149806","title":{"rendered":"Prefeitura Municipal de Tocantins &#8211; Processo n\u00ba085 &#8211; 22\/10\/19"},"content":{"rendered":"<p style=\"text-align: center;\"><strong>PREFEITURA MUNICIPAL TOCANTINS\/MG<\/strong><\/p>\n<p style=\"text-align: center;\"><strong>CONVOCA\u00c7\u00c3O<\/strong><\/p>\n<p style=\"text-align: center;\"><strong>Processo n\u00b0085\/2019<\/strong><\/p>\n<p style=\"text-align: center;\"><strong>Aviso de Chamada P\u00fablica n\u00b0 003\/2019<\/strong><\/p>\n<p style=\"text-align: center;\">O Munic\u00edpio de TOCANTINS\/MG, na forma da lei, CONVOCA A TODOS OS LICITANTES que participaram da CHAMADA P\u00daBLICA n\u00b0003\/2019 processo 085\/2019, REALIZADA NO DIA\u00a0 18\/10\/2019 AS 08:00HS. na sala de licita\u00e7\u00e3o; para tomarem ci\u00eancia do\u00a0<u>RESULTADO<\/u>\u00a0da mesma. Ficam convocados portanto, a COMPARECEREM no dia 24\/10\/2019 (quinta feira) \u00e0s 09:00hs na sala de licita\u00e7\u00e3o, Prefeitura Municipal de Tocantins\/MG, Av. Padre Mac\u00e1rio, 129 Centro, Tocantins\/MG.<\/p>\n<p style=\"text-align: center;\">TOCANTINS\/MG, 21 de outubro de 2019.<\/p>\n<p style=\"text-align: center;\">_____________________________<\/p>\n<p style=\"text-align: center;\"><strong>ANA L\u00daCIA RODRIGUES<\/strong><\/p>\n<p style=\"text-align: center;\"><strong>Presidente da Comiss\u00e3o Permanente de Licita\u00e7\u00e3o<\/strong><\/p>\n","protected":false},"excerpt":{"rendered":"<p>PREFEITURA MUNICIPAL TOCANTINS\/MG CONVOCA\u00c7\u00c3O Processo n\u00b0085\/2019 Aviso de Chamada P\u00fablica n\u00b0 003\/2019 O Munic\u00edpio de TOCANTINS\/MG, na forma da lei, CONVOCA A TODOS OS LICITANTES que participaram da CHAMADA P\u00daBLICA n\u00b0003\/2019 processo 085\/2019, REALIZADA NO DIA\u00a0 18\/10\/2019 AS 08:00HS. na sala de licita\u00e7\u00e3o; para tomarem ci\u00eancia do\u00a0RESULTADO\u00a0da mesma. Ficam convocados portanto, a COMPARECEREM no dia [&hellip;]<\/p>\n","protected":false},"author":96,"featured_media":0,"comment_status":"closed","ping_status":"closed","sticky":false,"template":"","format":"standard","meta":{"footnotes":""},"categories":[307],"tags":[],"class_list":["post-149806","post","type-post","status-publish","format-standard","hentry","category-editais"],"_links":{"self":[{"href":"https:\/\/diarioregionaldigital.com.br\/index.php?rest_route=\/wp\/v2\/posts\/149806","targetHints":{"allow":["GET"]}}],"collection":[{"href":"https:\/\/diarioregionaldigital.com.br\/index.php?rest_route=\/wp\/v2\/posts"}],"about":[{"href":"https:\/\/diarioregionaldigital.com.br\/index.php?rest_route=\/wp\/v2\/types\/post"}],"author":[{"embeddable":true,"href":"https:\/\/diarioregionaldigital.com.br\/index.php?rest_route=\/wp\/v2\/users\/96"}],"replies":[{"embeddable":true,"href":"https:\/\/diarioregionaldigital.com.br\/index.php?rest_route=%2Fwp%2Fv2%2Fcomments&post=149806"}],"version-history":[{"count":0,"href":"https:\/\/diarioregionaldigital.com.br\/index.php?rest_route=\/wp\/v2\/posts\/149806\/revisions"}],"wp:attachment":[{"href":"https:\/\/diarioregionaldigital.com.br\/index.php?rest_route=%2Fwp%2Fv2%2Fmedia&parent=149806"}],"wp:term":[{"taxonomy":"category","embeddable":true,"href":"https:\/\/diarioregionaldigital.com.br\/index.php?rest_route=%2Fwp%2Fv2%2Fcategories&post=149806"},{"taxonomy":"post_tag","embeddable":true,"href":"https:\/\/diarioregionaldigital.com.br\/index.php?rest_route=%2Fwp%2Fv2%2Ftags&post=149806"}],"curies":[{"name":"wp","href":"https:\/\/api.w.org\/{rel}","templated":true}]}}