{"id":149792,"date":"2019-10-21T18:37:07","date_gmt":"2019-10-21T20:37:07","guid":{"rendered":"https:\/\/diarioregionaldigital.com.br\/?p=149792"},"modified":"2019-10-21T18:37:07","modified_gmt":"2019-10-21T20:37:07","slug":"superliga-2019-2020-e-lancada-em-sao-paulo","status":"publish","type":"post","link":"https:\/\/diarioregionaldigital.com.br\/?p=149792","title":{"rendered":"Superliga 2019\/2020 \u00e9 lan\u00e7ada em S\u00e3o Paulo"},"content":{"rendered":"<p>Vai come\u00e7ar! Na manh\u00e3 desta segunda-feira (21), foi lan\u00e7ada a edi\u00e7\u00e3o de 2019\/2020 da Superliga de v\u00f4lei, em S\u00e3o Paulo. O evento contou com a presen\u00e7a de todos os clubes, do masculino e feminino.<\/p>\n<p>Campe\u00f5es nacionais na \u00faltima temporada pela primeira vez, o Taubat\u00e9 manteve uma base para essa edi\u00e7\u00e3o da Superliga masculina. Al\u00e9m de manter nomes como Lucarelli, Rapha, Luc\u00e3o, Thales, Douglas Souza e Leandro Vissotto, a equipe do Vale do Para\u00edba trouxe para o seu elenco o central Mauricio Souza, ex-Sesc, e conta na temporada 2019\/2020 com o t\u00e9cnico Renan Dal Zotto pela primeira vez desde o come\u00e7o.<\/p>\n<p>\u201cNa verdade entrar como campe\u00e3o n\u00e3o muda nada. Estamos trabalhando muito e vamos seguir para buscar o objetivo que \u00e9 o t\u00edtulo\u201d, comentou o levantador e capit\u00e3o da equipe Rapha.<\/p>\n<p>A edi\u00e7\u00e3o de n\u00famero 26 da Superliga marca a volta de um gigante. Depois de conquistar o acesso na \u00faltima temporada da divis\u00e3o B do torneio, o Botafogo est\u00e1 na elite da modalidade.<\/p>\n<p>Primeiro campe\u00e3o nacional, em 1978, o time carioca tem no oposto Lorena um s\u00edmbolo do projeto. \u201cTemos que saber o time que representamos. Estamos lutando e vamos lutar, mas temos que saber o tamanho do Botafogo, que desde os tempos do Bebeto de Freitas \u00e9 um gigante do v\u00f4lei nacional\u201d, comentou o capit\u00e3o da equipe.<\/p>\n<p>Al\u00e9m do time paulista, disputam a edi\u00e7\u00e3o de 2019\/2020 da Superliga Masculina o Sesi, Sada Cruzeiro, Sesc, Minas, Am\u00e9rica-MG, Itapetininga, V\u00f4lei Ribeir\u00e3o, Maring\u00e1, Botafogo, Blumenau e Campinas.<\/p>\n<p>&nbsp;<\/p>\n<p><strong>MODIFICADO, MINAS BUSCA MAIS UM T\u00cdTULO<\/strong><\/p>\n<p>Se no masculino o t\u00edtulo veio para o estado de S\u00e3o Paulo, no feminino ficou em Belo Horizonte. Na temporada passada da Superliga Feminina, o Minas foi dominante e voltou a conquistar o t\u00edtulo nacional.<\/p>\n<p>Para 2019\/2020, o time mineiro mudou. Sem poder contar mais com Nat\u00e1lia e Gabi nas pontas e o t\u00e9cnico Stefano Lavarini, o Minas apostou em experi\u00eancia para a nova edi\u00e7\u00e3o da Superliga.<\/p>\n<p>Para o comando da equipe veio o italiano Nicola Negro. Dentro da quadra, o Minas trouxe para o elenco a central Thaisa e a oposta Sheilla.<\/p>\n<p>\u201cO objetivo \u00e9 o t\u00edtulo. Estamos trabalhando forte para os objetivos e vamos em busca\u201d, comentou Carol Gattaz.<\/p>\n<p>Al\u00e9m da equipe de Belo Horizonte, buscam o t\u00edtulo da Superliga Feminina de 2019\/2020 o Praia Clube, Osasco, Sesc, S\u00e3o Paulo\/Barueri, S\u00e3o Caetano, Pinheiros, Valinhos, Curitiba, Sesi Bauru, Flamengo e Fluminense.<\/p>\n<p>Fonte: Olimp\u00edada Todo Dia<\/p>\n","protected":false},"excerpt":{"rendered":"<p>Vai come\u00e7ar! Na manh\u00e3 desta segunda-feira (21), foi lan\u00e7ada a edi\u00e7\u00e3o de 2019\/2020 da Superliga de v\u00f4lei, em S\u00e3o Paulo. O evento contou com a presen\u00e7a de todos os clubes, do masculino e feminino. Campe\u00f5es nacionais na \u00faltima temporada pela primeira vez, o Taubat\u00e9 manteve uma base para essa edi\u00e7\u00e3o da Superliga masculina. Al\u00e9m de [&hellip;]<\/p>\n","protected":false},"author":96,"featured_media":149793,"comment_status":"closed","ping_status":"closed","sticky":false,"template":"","format":"standard","meta":{"footnotes":""},"categories":[436,257,439],"tags":[],"class_list":["post-149792","post","type-post","status-publish","format-standard","has-post-thumbnail","hentry","category-destaque-da-semana","category-esporte","category-ultima-hora"],"_links":{"self":[{"href":"https:\/\/diarioregionaldigital.com.br\/index.php?rest_route=\/wp\/v2\/posts\/149792","targetHints":{"allow":["GET"]}}],"collection":[{"href":"https:\/\/diarioregionaldigital.com.br\/index.php?rest_route=\/wp\/v2\/posts"}],"about":[{"href":"https:\/\/diarioregionaldigital.com.br\/index.php?rest_route=\/wp\/v2\/types\/post"}],"author":[{"embeddable":true,"href":"https:\/\/diarioregionaldigital.com.br\/index.php?rest_route=\/wp\/v2\/users\/96"}],"replies":[{"embeddable":true,"href":"https:\/\/diarioregionaldigital.com.br\/index.php?rest_route=%2Fwp%2Fv2%2Fcomments&post=149792"}],"version-history":[{"count":0,"href":"https:\/\/diarioregionaldigital.com.br\/index.php?rest_route=\/wp\/v2\/posts\/149792\/revisions"}],"wp:featuredmedia":[{"embeddable":true,"href":"https:\/\/diarioregionaldigital.com.br\/index.php?rest_route=\/wp\/v2\/media\/149793"}],"wp:attachment":[{"href":"https:\/\/diarioregionaldigital.com.br\/index.php?rest_route=%2Fwp%2Fv2%2Fmedia&parent=149792"}],"wp:term":[{"taxonomy":"category","embeddable":true,"href":"https:\/\/diarioregionaldigital.com.br\/index.php?rest_route=%2Fwp%2Fv2%2Fcategories&post=149792"},{"taxonomy":"post_tag","embeddable":true,"href":"https:\/\/diarioregionaldigital.com.br\/index.php?rest_route=%2Fwp%2Fv2%2Ftags&post=149792"}],"curies":[{"name":"wp","href":"https:\/\/api.w.org\/{rel}","templated":true}]}}