{"id":149791,"date":"2019-10-21T18:38:11","date_gmt":"2019-10-21T20:38:11","guid":{"rendered":"https:\/\/diarioregionaldigital.com.br\/?p=149791"},"modified":"2019-10-21T18:38:11","modified_gmt":"2019-10-21T20:38:11","slug":"sel-promove-eventos-de-conscientizacao-sobre-atividade-fisica-e-integracao","status":"publish","type":"post","link":"https:\/\/diarioregionaldigital.com.br\/?p=149791","title":{"rendered":"SEL promove eventos de conscientiza\u00e7\u00e3o sobre atividade f\u00edsica e integra\u00e7\u00e3o"},"content":{"rendered":"<p>Professores do Departamento de Lazer e Exerc\u00edcio F\u00edsico (DLEF) da Secretaria de Esporte e Lazer (SEL) da Prefeitura de Juiz de Fora (PJF) realizaram atividades de promo\u00e7\u00e3o da atividade f\u00edsica no final de semana. Na manh\u00e3 da sexta-feira, 18, a supervisora de Pol\u00edtica Social do setor, Luciane Ribas, esteve no Servi\u00e7o de Controle, Preven\u00e7\u00e3o e Tratamento do Tabagismo (Sepcot), no Pronto Atendimento M\u00e9dico (PAM) Marechal, para falar ao grupo de 30 ex-tabagistas sobre a import\u00e2ncia da atividade f\u00edsica no combate ao fumo, e divulgar as promo\u00e7\u00f5es gratuitas oferecidas pelo Programa \u201cJF Esporte e Cidadania\u201d.<\/p>\n<p>\u00c0 tarde, foi a vez da supervisora de Esporte Adaptado, Adriana Guarino, e da professora do Programa \u201cJF Paral\u00edmpico\u201d, Ivana Barros, oferecerem oficina de bocha adaptada e de goalball no curso de especializa\u00e7\u00e3o em esportes e atividades f\u00edsicas inclusivas, para pessoas com defici\u00eancia, na Universidade Federal de Juiz de Fora (UFJF). Sete alunos do goalball participaram das atividades.<\/p>\n<p>A manh\u00e3 do s\u00e1bado, 19, foi de divers\u00e3o para os alunos de futsal do professor L\u00e9o Lima, no Programa \u201cJF Esporte e Cidadania\u201d. L\u00e1 foi realizada mais uma rodada da \u201cCopa Amizade\u201d, que contou com a presen\u00e7a de 50 alunos, dos n\u00facleos dos bairros Santa Terezinha e Nossa Senhora das Gra\u00e7as. Ao final, todos receberam medalhas de participa\u00e7\u00e3o e picol\u00e9s, para refrescar o calor.<\/p>\n<p>&nbsp;<\/p>\n<p><strong>\u00a0\u201cJF ESPORTE E CIDADANIA\u201d<\/strong><\/p>\n<p>Programa esportivo da SEL, que oferece modalidades esportivasgratuitamente, em todas as regi\u00f5es da cidade, entre elas: caminhada orientada, corrida (incluindo a ol\u00edmpica), gin\u00e1stica, pilates, futsal, recrea\u00e7\u00e3o, dan\u00e7a, nata\u00e7\u00e3o e hidrogin\u00e1stica. As aulas s\u00e3o em espa\u00e7os p\u00fablicos, como pra\u00e7as e escolas, ou locais particulares de parceiros, como institui\u00e7\u00f5es religiosas, associa\u00e7\u00f5es de moradores e comunit\u00e1rias e clubes recreativos. Para mais informa\u00e7\u00f5es, clique aqui ou ligue para 3690-7853.<\/p>\n<p>Fonte: PJF<\/p>\n","protected":false},"excerpt":{"rendered":"<p>Professores do Departamento de Lazer e Exerc\u00edcio F\u00edsico (DLEF) da Secretaria de Esporte e Lazer (SEL) da Prefeitura de Juiz de Fora (PJF) realizaram atividades de promo\u00e7\u00e3o da atividade f\u00edsica no final de semana. Na manh\u00e3 da sexta-feira, 18, a supervisora de Pol\u00edtica Social do setor, Luciane Ribas, esteve no Servi\u00e7o de Controle, Preven\u00e7\u00e3o e [&hellip;]<\/p>\n","protected":false},"author":96,"featured_media":149795,"comment_status":"closed","ping_status":"closed","sticky":false,"template":"","format":"standard","meta":{"footnotes":""},"categories":[436,257,439],"tags":[],"class_list":["post-149791","post","type-post","status-publish","format-standard","has-post-thumbnail","hentry","category-destaque-da-semana","category-esporte","category-ultima-hora"],"_links":{"self":[{"href":"https:\/\/diarioregionaldigital.com.br\/index.php?rest_route=\/wp\/v2\/posts\/149791","targetHints":{"allow":["GET"]}}],"collection":[{"href":"https:\/\/diarioregionaldigital.com.br\/index.php?rest_route=\/wp\/v2\/posts"}],"about":[{"href":"https:\/\/diarioregionaldigital.com.br\/index.php?rest_route=\/wp\/v2\/types\/post"}],"author":[{"embeddable":true,"href":"https:\/\/diarioregionaldigital.com.br\/index.php?rest_route=\/wp\/v2\/users\/96"}],"replies":[{"embeddable":true,"href":"https:\/\/diarioregionaldigital.com.br\/index.php?rest_route=%2Fwp%2Fv2%2Fcomments&post=149791"}],"version-history":[{"count":0,"href":"https:\/\/diarioregionaldigital.com.br\/index.php?rest_route=\/wp\/v2\/posts\/149791\/revisions"}],"wp:featuredmedia":[{"embeddable":true,"href":"https:\/\/diarioregionaldigital.com.br\/index.php?rest_route=\/wp\/v2\/media\/149795"}],"wp:attachment":[{"href":"https:\/\/diarioregionaldigital.com.br\/index.php?rest_route=%2Fwp%2Fv2%2Fmedia&parent=149791"}],"wp:term":[{"taxonomy":"category","embeddable":true,"href":"https:\/\/diarioregionaldigital.com.br\/index.php?rest_route=%2Fwp%2Fv2%2Fcategories&post=149791"},{"taxonomy":"post_tag","embeddable":true,"href":"https:\/\/diarioregionaldigital.com.br\/index.php?rest_route=%2Fwp%2Fv2%2Ftags&post=149791"}],"curies":[{"name":"wp","href":"https:\/\/api.w.org\/{rel}","templated":true}]}}